{"id":169,"date":"1998-10-24T10:00:05","date_gmt":"1998-10-24T09:00:05","guid":{"rendered":"http:\/\/blog.epbcn.com\/?p=169"},"modified":"2017-02-22T17:25:03","modified_gmt":"2017-02-22T16:25:03","slug":"iii-jornadas-psicoanaliticas-el-inconsciente-es-tiempo","status":"publish","type":"post","link":"https:\/\/www.epbcn.com\/blog\/1998\/10\/24\/iii-jornadas-psicoanaliticas-el-inconsciente-es-tiempo\/","title":{"rendered":"III Jornadas Psicoanal\u00edticas: El inconsciente es tiempo"},"content":{"rendered":"<p>A cargo de  Emilio Gonz\u00e1lez Mart\u00ednez.<\/p>\n<p>D\u00eda y hora: S\u00e1bado, 24 de octubre de 1998, de 10:00 a 18:00.<\/p>\n<p>Lugar: EPBCN, Enric Granados, 21, 3\u00ba 3\u00aa \u2013 08007 Barcelona.<\/p>\n","protected":false},"excerpt":{"rendered":"<p>A cargo de Emilio Gonz\u00e1lez Mart\u00ednez. D\u00eda y hora: S\u00e1bado, 24 de octubre de 1998, de 10:00 a 18:00. Lugar: EPBCN, Enric Granados, 21, 3\u00ba 3\u00aa \u2013 08007 Barcelona.<\/p>\n","protected":false},"author":1,"featured_media":0,"comment_status":"open","ping_status":"open","sticky":false,"template":"","format":"standard","meta":{"footnotes":""},"categories":[8],"tags":[],"class_list":["post-169","post","type-post","status-publish","format-standard","hentry","category-jornadas"],"_links":{"self":[{"href":"https:\/\/www.epbcn.com\/blog\/wp-json\/wp\/v2\/posts\/169","targetHints":{"allow":["GET"]}}],"collection":[{"href":"https:\/\/www.epbcn.com\/blog\/wp-json\/wp\/v2\/posts"}],"about":[{"href":"https:\/\/www.epbcn.com\/blog\/wp-json\/wp\/v2\/types\/post"}],"author":[{"embeddable":true,"href":"https:\/\/www.epbcn.com\/blog\/wp-json\/wp\/v2\/users\/1"}],"replies":[{"embeddable":true,"href":"https:\/\/www.epbcn.com\/blog\/wp-json\/wp\/v2\/comments?post=169"}],"version-history":[{"count":0,"href":"https:\/\/www.epbcn.com\/blog\/wp-json\/wp\/v2\/posts\/169\/revisions"}],"wp:attachment":[{"href":"https:\/\/www.epbcn.com\/blog\/wp-json\/wp\/v2\/media?parent=169"}],"wp:term":[{"taxonomy":"category","embeddable":true,"href":"https:\/\/www.epbcn.com\/blog\/wp-json\/wp\/v2\/categories?post=169"},{"taxonomy":"post_tag","embeddable":true,"href":"https:\/\/www.epbcn.com\/blog\/wp-json\/wp\/v2\/tags?post=169"}],"curies":[{"name":"wp","href":"https:\/\/api.w.org\/{rel}","templated":true}]}}