{"id":2073,"date":"2012-04-11T20:18:27","date_gmt":"2012-04-11T19:18:27","guid":{"rendered":"http:\/\/blog.epbcn.com\/?p=2073"},"modified":"2023-03-25T18:33:46","modified_gmt":"2023-03-25T17:33:46","slug":"xii-jornadas-psicoanaliticas-aperturas-en-psicoanalisis","status":"publish","type":"post","link":"https:\/\/www.epbcn.com\/blog\/2012\/04\/11\/xii-jornadas-psicoanaliticas-aperturas-en-psicoanalisis\/","title":{"rendered":"XII Jornadas Psicoanal\u00edticas: Aperturas en psicoan\u00e1lisis"},"content":{"rendered":"<p style=\"text-align: center;\"><span style=\"font-weight: bold;\">D\u00edas:<\/span><\/p>\n<p style=\"text-align: center;\"><strong>Viernes 11 de mayo<\/strong> de 20.00 a 22.00 &#8211; <strong>S\u00e1bado 12 de mayo<\/strong> de 10.30 a 13.30 y de 15.30 a 20.00 &#8211; <strong>Domingo 13 de mayo<\/strong> de 10.30 a 13.30<\/p>\n<p><strong>PROGRAMA<\/strong><\/p>\n<p><strong><span style=\"text-decoration: underline;\">Viernes<\/span><\/strong><\/p>\n<p><strong>20.00 a<\/strong><strong> 21.00 \u2013 Ponencia: <\/strong>Divulgaci\u00f3n del psicoan\u00e1lisis: s\u00ed, se puede. <strong>Autor:<\/strong> Fabi\u00e1n Ortiz.<\/p>\n<p><strong>21.00 a<\/strong><strong> 22.00 \u2013 Ponencia: <\/strong>Preguntar, interpretar, pensar. <strong>Autor:<\/strong> Henrik Hern\u00e1ndez-Villaescusa.<\/p>\n<p><strong><span style=\"text-decoration: underline;\">S\u00e1bado<\/span><\/strong><\/p>\n<p><strong><em>Ma\u00f1ana<\/em><\/strong><\/p>\n<p><strong>10.30 a<\/strong><strong> 11.30 \u2013 Ponencia: <\/strong>Docencia y feminidad. <strong>Autores:<\/strong> Silvina Fern\u00e1ndez, Mar\u00eda del Mar Mart\u00edn, Josep Maria Blasco.<\/p>\n<p><strong>11.30 a<\/strong><strong> 12.30 \u2013 Mesa de trabajo: <\/strong>La envidia: nuevas reflexiones y orientaciones acerca de un viejo afecto patol\u00f3gico. <strong>Coordinador:<\/strong> Juan Carlos De Brasi.<\/p>\n<p><strong>12.30 a<\/strong><strong> 13.30 \u2013 Ponencia: <\/strong>Interpretaci\u00f3n, elaboraci\u00f3n, aceptaci\u00f3n. <strong>Autor:<\/strong> Josep Maria Blasco.<\/p>\n<p><strong><em>Tarde<\/em><\/strong><\/p>\n<p><strong>15.30 a<\/strong><strong> 16.30 \u2013 Ponencia: <\/strong>Una perspectiva sobre la interpretaci\u00f3n psicoanal\u00edtica. Sue\u00f1o, lenguaje, cuerpo, instituci\u00f3n. <strong>Autor:<\/strong> Juan Carlos De Brasi.<\/p>\n<p><strong>16.30 a<\/strong><strong> 17.30 \u2013 Ponencia: <\/strong>Psicoan\u00e1lisis y religi\u00f3n. La ilusi\u00f3n de un porvenir. <strong>Autor:<\/strong> Daniel Ca\u00f1ero.<\/p>\n<p><strong>17.30 a<\/strong><strong> 18.00 \u2013 Descanso<\/strong><\/p>\n<p><strong>18.00 a<\/strong><strong> 19.00 \u2013 Ponencia: <\/strong>Psicoan\u00e1lisis y acci\u00f3n pol\u00edtica. <strong>Autor:<\/strong> Henrik Hern\u00e1ndez-Villaescusa.<\/p>\n<p><strong><span style=\"text-decoration: underline;\">Domingo<\/span><\/strong><\/p>\n<p><strong>9.30 a<\/strong><strong> 10.30 \u2013 Mesa de trabajo: <\/strong>Aproximaci\u00f3n actual a la depresi\u00f3n anacl\u00edtica. <strong>Coordinador:<\/strong> Daniel Ca\u00f1ero.<\/p>\n<p><strong>10.30 a 11.30<\/strong> &#8211; <strong>Ponencia<\/strong>: <a href=\"\/textos\/2012\/05\/limites-de-la-transferencia\/\">L\u00edmites de la transferencia<\/a>. <strong>Autor<\/strong>: Josep Maria Blasco.<\/p>\n<p><strong>11.30 a<\/strong><strong> 12.30 \u2013 Ponencia: <\/strong>Sexo, drogas y\u2026 nada. <strong>Autor:<\/strong> Mar\u00eda del Mar Mart\u00edn.<\/p>\n<p><strong>12.30 a<\/strong><strong> 13.30 \u2013 Ponencia: <\/strong><a href=\"\/textos\/2012\/12\/los-psicoanalistas-no-tienen-cuerpo\/\">Los psicoanalistas no tienen cuerpo<\/a>. <strong>Autor:<\/strong> Josep Maria Blasco.<\/p>\n<p style=\"text-align: center;\"><strong>Tarifas<\/strong>:<br \/>\n150\u20ac &#8211; Estudiantes: 50\u20ac<\/p>\n<p style=\"text-align: center;\"><strong>ABIERTA LA INSCRIPCI\u00d3N &#8211; PLAZAS LIMITADAS<\/strong><\/p>\n<p style=\"text-align: center;\"><strong>INFORMACI\u00d3N E INSCRIPCI\u00d3N: 93 454 89 78 &#8211; secretaria@epbcn.com<\/strong><\/p>\n<div class=\"mceTemp\"><\/div>\n","protected":false},"excerpt":{"rendered":"<p>D\u00edas: Viernes 11 de mayo de 20.00 a 22.00 &#8211; S\u00e1bado 12 de mayo de 10.30 a 13.30 y de 15.30 a 20.00 &#8211; Domingo 13 de mayo de 10.30 a 13.30 PROGRAMA Viernes 20.00 a 21.00 \u2013 Ponencia: Divulgaci\u00f3n del psicoan\u00e1lisis: s\u00ed, se puede. Autor: Fabi\u00e1n Ortiz. 21.00 a 22.00 \u2013 Ponencia: Preguntar, interpretar, [&hellip;]<\/p>\n","protected":false},"author":1,"featured_media":2182,"comment_status":"open","ping_status":"open","sticky":false,"template":"","format":"standard","meta":{"footnotes":""},"categories":[8],"tags":[119,133,137,142,154],"class_list":["post-2073","post","type-post","status-publish","format-standard","hentry","category-jornadas","tag-daniel-canero","tag-josep-maria-blasco","tag-juan-carlos-de-brasi","tag-maria-del-mar-martin","tag-silvina-fernandez"],"_links":{"self":[{"href":"https:\/\/www.epbcn.com\/blog\/wp-json\/wp\/v2\/posts\/2073","targetHints":{"allow":["GET"]}}],"collection":[{"href":"https:\/\/www.epbcn.com\/blog\/wp-json\/wp\/v2\/posts"}],"about":[{"href":"https:\/\/www.epbcn.com\/blog\/wp-json\/wp\/v2\/types\/post"}],"author":[{"embeddable":true,"href":"https:\/\/www.epbcn.com\/blog\/wp-json\/wp\/v2\/users\/1"}],"replies":[{"embeddable":true,"href":"https:\/\/www.epbcn.com\/blog\/wp-json\/wp\/v2\/comments?post=2073"}],"version-history":[{"count":3,"href":"https:\/\/www.epbcn.com\/blog\/wp-json\/wp\/v2\/posts\/2073\/revisions"}],"predecessor-version":[{"id":7482,"href":"https:\/\/www.epbcn.com\/blog\/wp-json\/wp\/v2\/posts\/2073\/revisions\/7482"}],"wp:featuredmedia":[{"embeddable":true,"href":"https:\/\/www.epbcn.com\/blog\/wp-json\/"}],"wp:attachment":[{"href":"https:\/\/www.epbcn.com\/blog\/wp-json\/wp\/v2\/media?parent=2073"}],"wp:term":[{"taxonomy":"category","embeddable":true,"href":"https:\/\/www.epbcn.com\/blog\/wp-json\/wp\/v2\/categories?post=2073"},{"taxonomy":"post_tag","embeddable":true,"href":"https:\/\/www.epbcn.com\/blog\/wp-json\/wp\/v2\/tags?post=2073"}],"curies":[{"name":"wp","href":"https:\/\/api.w.org\/{rel}","templated":true}]}}