{"id":2114,"date":"2012-05-15T16:04:03","date_gmt":"2012-05-15T15:04:03","guid":{"rendered":"http:\/\/blog.epbcn.com\/?p=2114"},"modified":"2018-05-11T16:25:06","modified_gmt":"2018-05-11T15:25:06","slug":"convocatoria-del-vi-premi-dassaig-pedagogic-frederic-company-i-franquesa","status":"publish","type":"post","link":"https:\/\/www.epbcn.com\/blog\/2012\/05\/15\/convocatoria-del-vi-premi-dassaig-pedagogic-frederic-company-i-franquesa\/","title":{"rendered":"Convocat\u00f2ria del VI Premi d&#8217;Assaig Pedag\u00f2gic Frederic Company i Franquesa"},"content":{"rendered":"<p>Dins del marc de col\u00b7laboraci\u00f3 amb el Col\u00b7legi de Pedagogs de Catalunya, donem difusi\u00f3 de una de les seves activitats.<\/p>\n<p>[C\u00f2pia de http:\/\/www.pedagogs.cat\/reg.asp?id=1144&amp;i=ca]<\/p>\n<p>En el marc de la celebraci\u00f3 del 10\u00e8 Aniversari del COPEC (2002-2012), es\u00a0convoca el <em>VI Premi d&#8217;Assaig Pedag\u00f2gic Frederic Company i Franquesa<\/em> amb el tema: <em>\u201cL\u2019EVOLUCI\u00d3 PROFESSIONAL DE LA PEDAGOGIA: els col\u00b7legis professionals, motors de consolidaci\u00f3 i reconeixement social\u201d,<\/em> per al\u00a0foment i la difusi\u00f3 de treballs de car\u00e0cter pedag\u00f2gic que contribueixin a donar a con\u00e8ixer, difondre, potenciar i aprofundir en la reflexi\u00f3 i an\u00e0lisi al voltant de l\u2019exercici professional de la Pedagogia i les seves \u00e0rees de coneixement.<\/p>\n<p>\u00c9s una convocat\u00f2ria oberta a la participaci\u00f3 de tots\/es els\/les pedagogs\/gues i psicopedagogs\/gues, titulats i estudiants, col\u00b7legiats i no col\u00b7legiats, tant en l\u2019\u00e0mbit de Catalunya, com de l\u2019Estat Espanyol, i de les entitats membres de la Federaci\u00f3 Europea de Professionals de la Pedagogia.<\/p>\n<p>Les bases del <em>VI Premi d&#8217;Assaig Pedag\u00f2gic Frederic Company i Franquesa<\/em> estan disponibles al web:<\/p>\n<p>Catal\u00e0: https:\/\/www.pedagogs.cat\/reg.asp?id=1144&amp;i=ca<br \/>\nCastell\u00e0: <a href=\"https:\/\/www.pedagogs.cat\/reg.asp?id=1145&amp;i=es\" target=\"_blank\">https:\/\/www.pedagogs.cat\/reg.asp?id=1145&amp;i=es<\/a><\/p>\n<p><em>El lliurament del premi es far\u00e0 el mateix dia 14 de juny de 2012, deu anys despr\u00e9s de la constituci\u00f3 del COPEC com a corporaci\u00f3 de dret p\u00fablic.<\/em><\/p>\n","protected":false},"excerpt":{"rendered":"<p>Dins del marc de col\u00b7laboraci\u00f3 amb el Col\u00b7legi de Pedagogs de Catalunya, donem difusi\u00f3 de una de les seves activitats. [C\u00f2pia de http:\/\/www.pedagogs.cat\/reg.asp?id=1144&amp;i=ca] En el marc de la celebraci\u00f3 del 10\u00e8 Aniversari del COPEC (2002-2012), es\u00a0convoca el VI Premi d&#8217;Assaig Pedag\u00f2gic Frederic Company i Franquesa amb el tema: \u201cL\u2019EVOLUCI\u00d3 PROFESSIONAL DE LA PEDAGOGIA: els col\u00b7legis [&hellip;]<\/p>\n","protected":false},"author":1,"featured_media":0,"comment_status":"open","ping_status":"open","sticky":false,"template":"","format":"standard","meta":{"footnotes":""},"categories":[36,65],"tags":[],"class_list":["post-2114","post","type-post","status-publish","format-standard","hentry","category-colegio","category-pedagogs-de-catalunya"],"_links":{"self":[{"href":"https:\/\/www.epbcn.com\/blog\/wp-json\/wp\/v2\/posts\/2114","targetHints":{"allow":["GET"]}}],"collection":[{"href":"https:\/\/www.epbcn.com\/blog\/wp-json\/wp\/v2\/posts"}],"about":[{"href":"https:\/\/www.epbcn.com\/blog\/wp-json\/wp\/v2\/types\/post"}],"author":[{"embeddable":true,"href":"https:\/\/www.epbcn.com\/blog\/wp-json\/wp\/v2\/users\/1"}],"replies":[{"embeddable":true,"href":"https:\/\/www.epbcn.com\/blog\/wp-json\/wp\/v2\/comments?post=2114"}],"version-history":[{"count":0,"href":"https:\/\/www.epbcn.com\/blog\/wp-json\/wp\/v2\/posts\/2114\/revisions"}],"wp:attachment":[{"href":"https:\/\/www.epbcn.com\/blog\/wp-json\/wp\/v2\/media?parent=2114"}],"wp:term":[{"taxonomy":"category","embeddable":true,"href":"https:\/\/www.epbcn.com\/blog\/wp-json\/wp\/v2\/categories?post=2114"},{"taxonomy":"post_tag","embeddable":true,"href":"https:\/\/www.epbcn.com\/blog\/wp-json\/wp\/v2\/tags?post=2114"}],"curies":[{"name":"wp","href":"https:\/\/api.w.org\/{rel}","templated":true}]}}