{"id":4304,"date":"2015-10-26T16:44:15","date_gmt":"2015-10-26T15:44:15","guid":{"rendered":"http:\/\/www.epbcn.com\/?p=4304"},"modified":"2022-06-28T18:25:18","modified_gmt":"2022-06-28T17:25:18","slug":"clase-inaugural-a-la-xix-convocatoria-del-curso-de-introduccion-al-psicoanalisis-los-suenos","status":"publish","type":"post","link":"https:\/\/www.epbcn.com\/blog\/2015\/10\/26\/clase-inaugural-a-la-xix-convocatoria-del-curso-de-introduccion-al-psicoanalisis-los-suenos\/","title":{"rendered":"Clase inaugural a la XIX convocatoria del Curso de introducci\u00f3n al psicoan\u00e1lisis: Los sue\u00f1os"},"content":{"rendered":"<p>CURSO DE INTRODUCCI\u00d3N AL PSICOAN\u00c1LISIS<br \/>\n<a title=\"Curso de introducci\u00f3n al psicoan\u00e1lisis\" href=\"\/formacion\/fundamentos\/introductorio\/\">XIX CONVOCATORIA, CURSO 2015-2016<\/a><\/p>\n<p><span class=\"Apple-style-span\">Clase Inaugural<\/span><br \/>\n<span class=\"Apple-style-span\">LOS SUE\u00d1OS<\/span><\/p>\n<p><span class=\"Apple-style-span\">A cargo de:<\/span><\/p>\n<p><a title=\"Josep Maria Blasco\" href=\"\/equipo\/josep-maria-blasco\/\" target=\"_blank\" rel=\"noopener noreferrer\">Josep Maria Blasco<\/a>, codirector del Espacio Psicoanal\u00edtico de Barcelona y profesor del curso.<\/p>\n<p><span class=\"Apple-style-span\">D\u00eda y hora:<\/span><br \/>\nJueves, 5 de noviembre de 2015, de 11:00 a 12:15 y de 21:00 a 22:15.<\/p>\n<p><span class=\"Apple-style-span\">Lugar:<\/span><br \/>\nAulario del EPBCN. Balmes, 32, 2\u00ba 1\u00aa \u2013 Barcelona.<\/p>\n<p><span class=\"Apple-style-span\">ASISTENCIA GRATUITA \u2013 PLAZAS LIMITADAS<\/span><\/p>\n<p><span class=\"Apple-style-span\">Informaci\u00f3n e inscripciones:<\/span><br \/>\n93 454 89 78, secretaria@epbcn.com<\/p>\n","protected":false},"excerpt":{"rendered":"<p>CURSO DE INTRODUCCI\u00d3N AL PSICOAN\u00c1LISIS XIX CONVOCATORIA, CURSO 2015-2016 Clase Inaugural LOS SUE\u00d1OS A cargo de: Josep Maria Blasco, codirector del Espacio Psicoanal\u00edtico de Barcelona y profesor del curso. D\u00eda y hora: Jueves, 5 de noviembre de 2015, de 11:00 a 12:15 y de 21:00 a 22:15. Lugar: Aulario del EPBCN. Balmes, 32, 2\u00ba 1\u00aa [&hellip;]<\/p>\n","protected":false},"author":1,"featured_media":0,"comment_status":"open","ping_status":"open","sticky":false,"template":"","format":"standard","meta":{"footnotes":""},"categories":[43,5,59],"tags":[133],"class_list":["post-4304","post","type-post","status-publish","format-standard","hentry","category-cursos","category-formacion","category-curso-de-introduccion","tag-josep-maria-blasco"],"_links":{"self":[{"href":"https:\/\/www.epbcn.com\/blog\/wp-json\/wp\/v2\/posts\/4304","targetHints":{"allow":["GET"]}}],"collection":[{"href":"https:\/\/www.epbcn.com\/blog\/wp-json\/wp\/v2\/posts"}],"about":[{"href":"https:\/\/www.epbcn.com\/blog\/wp-json\/wp\/v2\/types\/post"}],"author":[{"embeddable":true,"href":"https:\/\/www.epbcn.com\/blog\/wp-json\/wp\/v2\/users\/1"}],"replies":[{"embeddable":true,"href":"https:\/\/www.epbcn.com\/blog\/wp-json\/wp\/v2\/comments?post=4304"}],"version-history":[{"count":1,"href":"https:\/\/www.epbcn.com\/blog\/wp-json\/wp\/v2\/posts\/4304\/revisions"}],"predecessor-version":[{"id":7055,"href":"https:\/\/www.epbcn.com\/blog\/wp-json\/wp\/v2\/posts\/4304\/revisions\/7055"}],"wp:attachment":[{"href":"https:\/\/www.epbcn.com\/blog\/wp-json\/wp\/v2\/media?parent=4304"}],"wp:term":[{"taxonomy":"category","embeddable":true,"href":"https:\/\/www.epbcn.com\/blog\/wp-json\/wp\/v2\/categories?post=4304"},{"taxonomy":"post_tag","embeddable":true,"href":"https:\/\/www.epbcn.com\/blog\/wp-json\/wp\/v2\/tags?post=4304"}],"curies":[{"name":"wp","href":"https:\/\/api.w.org\/{rel}","templated":true}]}}