{"id":4551,"date":"2016-09-15T14:11:35","date_gmt":"2016-09-15T13:11:35","guid":{"rendered":"http:\/\/www.epbcn.com\/?p=4551"},"modified":"2019-10-12T15:11:00","modified_gmt":"2019-10-12T14:11:00","slug":"clase-inaugural-del-i-ano-del-seminario-freud-y-los-clasicos-del-psicoanalisis","status":"publish","type":"post","link":"https:\/\/www.epbcn.com\/blog\/2016\/09\/15\/clase-inaugural-del-i-ano-del-seminario-freud-y-los-clasicos-del-psicoanalisis\/","title":{"rendered":"Clase inaugural del I a\u00f1o del Seminario &laquo;Freud y los cl\u00e1sicos del psicoan\u00e1lisis&raquo;"},"content":{"rendered":"<p>En coincidencia con el XX aniversario de su fundaci\u00f3n, el <a href=\"\/\" target=\"_blank\" rel=\"noopener noreferrer\">EPBCN<\/a> tiene el gusto de inaugurar el seminario <a href=\"\/formacion\/ciclo-avanzado\/seminario-freud-y-los-clasicos-del-psicoanalisis\/\">Freud y los cl\u00e1sicos del psicoan\u00e1lisis<\/a> (I a\u00f1o, temporada 2016-2017), el pr\u00f3ximo 17 de septiembre de 2016 a las 16:00.<\/p>\n<p>El encuentro inaugural estar\u00e1 a cargo de <a href=\"\/equipo\/josep-maria-blasco\/\">Josep Maria Blasco<\/a> y <a href=\"\/equipo\/juan-carlos-de-brasi\/\">Juan Carlos De Brasi<\/a> (psicoanalistas y codirectores del EPBCN) y <a href=\"\/equipo\/olga-palomino\/\">Olga Palomino<\/a> (psicoanalista y profesora), bajo el t\u00edtulo <a href=\"\/actividades\/2016\/09\/17\/1600\/\">El psicoan\u00e1lisis de ni\u00f1os<\/a>.<\/p>\n","protected":false},"excerpt":{"rendered":"<p>En coincidencia con el XX aniversario de su fundaci\u00f3n, el EPBCN tiene el gusto de inaugurar el seminario Freud y los cl\u00e1sicos del psicoan\u00e1lisis (I a\u00f1o, temporada 2016-2017), el pr\u00f3ximo 17 de septiembre de 2016 a las 16:00. El encuentro inaugural estar\u00e1 a cargo de Josep Maria Blasco y Juan Carlos De Brasi (psicoanalistas y [&hellip;]<\/p>\n","protected":false},"author":1,"featured_media":0,"comment_status":"open","ping_status":"open","sticky":false,"template":"","format":"standard","meta":{"footnotes":""},"categories":[2,54,16],"tags":[133,137,149],"class_list":["post-4551","post","type-post","status-publish","format-standard","hentry","category-aperturas","category-freud-y-los-clasicos","category-reuniones-inaugurales","tag-josep-maria-blasco","tag-juan-carlos-de-brasi","tag-olga-palomino"],"_links":{"self":[{"href":"https:\/\/www.epbcn.com\/blog\/wp-json\/wp\/v2\/posts\/4551","targetHints":{"allow":["GET"]}}],"collection":[{"href":"https:\/\/www.epbcn.com\/blog\/wp-json\/wp\/v2\/posts"}],"about":[{"href":"https:\/\/www.epbcn.com\/blog\/wp-json\/wp\/v2\/types\/post"}],"author":[{"embeddable":true,"href":"https:\/\/www.epbcn.com\/blog\/wp-json\/wp\/v2\/users\/1"}],"replies":[{"embeddable":true,"href":"https:\/\/www.epbcn.com\/blog\/wp-json\/wp\/v2\/comments?post=4551"}],"version-history":[{"count":0,"href":"https:\/\/www.epbcn.com\/blog\/wp-json\/wp\/v2\/posts\/4551\/revisions"}],"wp:attachment":[{"href":"https:\/\/www.epbcn.com\/blog\/wp-json\/wp\/v2\/media?parent=4551"}],"wp:term":[{"taxonomy":"category","embeddable":true,"href":"https:\/\/www.epbcn.com\/blog\/wp-json\/wp\/v2\/categories?post=4551"},{"taxonomy":"post_tag","embeddable":true,"href":"https:\/\/www.epbcn.com\/blog\/wp-json\/wp\/v2\/tags?post=4551"}],"curies":[{"name":"wp","href":"https:\/\/api.w.org\/{rel}","templated":true}]}}