{"id":4571,"date":"2016-10-04T18:07:15","date_gmt":"2016-10-04T17:07:15","guid":{"rendered":"http:\/\/www.epbcn.com\/?p=4571"},"modified":"2017-12-10T16:03:58","modified_gmt":"2017-12-10T15:03:58","slug":"cicatrices","status":"publish","type":"post","link":"https:\/\/www.epbcn.com\/blog\/2016\/10\/04\/cicatrices\/","title":{"rendered":"Cicatrices"},"content":{"rendered":"<p>&#8220;Es la observaci\u00f3n de una reclusi\u00f3n y un aislamiento progresivo del individuo \u2014en s\u00ed mismo y de s\u00ed mismo\u2014, cada vez mayor y m\u00e1s frecuente, la\u00a0que motiva este trabajo. As\u00ed, \u00e9ste se presenta como una mera provocaci\u00f3n a\u00a0pensar, ya que no puede albergar la posibilidad de una conclusi\u00f3n o cierre\u00a0definitivo. La pregunta que encierra es sencilla, la respuesta es la vida misma&#8221;.<\/p>\n<p>Hemos a\u00f1adido un nuevo art\u00edculo a nuestra colecci\u00f3n <a href=\"\/textos\/\">\u2018Textos para pensar\u2019<\/a>. Se trata de la ponencia que <a href=\"\/equipo\/maria-del-mar-martin\/\">Mar\u00eda del Mar Mart\u00edn<\/a> present\u00f3 en en las <a href=\"\/difusion\/jornadas\/2016\/05\/xvi-aperturas-en-psicoanalisis-v\/\">XVI Jornadas del EPBCN<\/a>, titulada <a href=\"\/textos\/2016\/10\/cicatrices\/\">&#8216;Cicatrices&#8217;<\/a>.<\/p>\n<p>Pr\u00f3ximamente a\u00f1adiremos m\u00e1s t\u00edtulos a esta colecci\u00f3n.<\/p>\n","protected":false},"excerpt":{"rendered":"<p>&#8220;Es la observaci\u00f3n de una reclusi\u00f3n y un aislamiento progresivo del individuo \u2014en s\u00ed mismo y de s\u00ed mismo\u2014, cada vez mayor y m\u00e1s frecuente, la\u00a0que motiva este trabajo. As\u00ed, \u00e9ste se presenta como una mera provocaci\u00f3n a\u00a0pensar, ya que no puede albergar la posibilidad de una conclusi\u00f3n o cierre\u00a0definitivo. La pregunta que encierra es [&hellip;]<\/p>\n","protected":false},"author":1,"featured_media":0,"comment_status":"open","ping_status":"open","sticky":false,"template":"","format":"standard","meta":{"footnotes":""},"categories":[8,13,25],"tags":[142],"class_list":["post-4571","post","type-post","status-publish","format-standard","hentry","category-jornadas","category-publicacion","category-textos-para-pensar","tag-maria-del-mar-martin"],"_links":{"self":[{"href":"https:\/\/www.epbcn.com\/blog\/wp-json\/wp\/v2\/posts\/4571","targetHints":{"allow":["GET"]}}],"collection":[{"href":"https:\/\/www.epbcn.com\/blog\/wp-json\/wp\/v2\/posts"}],"about":[{"href":"https:\/\/www.epbcn.com\/blog\/wp-json\/wp\/v2\/types\/post"}],"author":[{"embeddable":true,"href":"https:\/\/www.epbcn.com\/blog\/wp-json\/wp\/v2\/users\/1"}],"replies":[{"embeddable":true,"href":"https:\/\/www.epbcn.com\/blog\/wp-json\/wp\/v2\/comments?post=4571"}],"version-history":[{"count":0,"href":"https:\/\/www.epbcn.com\/blog\/wp-json\/wp\/v2\/posts\/4571\/revisions"}],"wp:attachment":[{"href":"https:\/\/www.epbcn.com\/blog\/wp-json\/wp\/v2\/media?parent=4571"}],"wp:term":[{"taxonomy":"category","embeddable":true,"href":"https:\/\/www.epbcn.com\/blog\/wp-json\/wp\/v2\/categories?post=4571"},{"taxonomy":"post_tag","embeddable":true,"href":"https:\/\/www.epbcn.com\/blog\/wp-json\/wp\/v2\/tags?post=4571"}],"curies":[{"name":"wp","href":"https:\/\/api.w.org\/{rel}","templated":true}]}}