{"id":4615,"date":"2016-11-03T16:10:20","date_gmt":"2016-11-03T15:10:20","guid":{"rendered":"http:\/\/www.epbcn.com\/?p=4615"},"modified":"2022-06-28T18:22:53","modified_gmt":"2022-06-28T17:22:53","slug":"convenio-de-colaboracion-entre-espacio-psicoanalitico-de-barcelona-epbcn-y-alibri-llibreria-sl","status":"publish","type":"post","link":"https:\/\/www.epbcn.com\/blog\/2016\/11\/03\/convenio-de-colaboracion-entre-espacio-psicoanalitico-de-barcelona-epbcn-y-alibri-llibreria-sl\/","title":{"rendered":"Convenio de colaboraci\u00f3n entre Espacio Psicoanal\u00edtico de Barcelona (EPBCN) y Alibri Llibreria, SL"},"content":{"rendered":"<p>El <a href=\"\/\">Espacio Psicoanal\u00edtico de Barcelona (EPBCN)<\/a> y <a href=\"https:\/\/www.alibri.es\/\">Alibri Llibreria, SL<\/a> firmaron con fecha 17 de octubre de 2016 un convenio de colaboraci\u00f3n. <a href=\"\/equipo\/josep-maria-blasco\/\"><span class=\"Apple-style-span\">Josep Maria Blasco<\/span><\/a>, director y administrador del EPBCN, y <span class=\"Apple-style-span\">Alejandro L\u00f3pez Mart\u00edn<\/span>, representante de Alibri, son los firmantes de este convenio que crea un marco gen\u00e9rico de colaboraci\u00f3n mutua, con la finalidad de facilitar el acceso a las novedades editoriales en el \u00e1mbito de la salud y, en concreto, del psicoan\u00e1lisis.<\/p>\n<p>Mediante este acuerdo, Alibri ofrece a todas las personas inscritas en el EPBCN una bonificaci\u00f3n del 5 % en los libros que se pueden encontrar en la librer\u00eda. Adem\u00e1s, el EPBCN podr\u00e1 adquirir libros y materiales diversos relacionados con los \u00e1mbitos de inter\u00e9s de la instituci\u00f3n con una bonificaci\u00f3n del 10 %; esto beneficia directamente a los estudiantes matriculados en el <a href=\"\/formacion\/fundamentos\/introductorio\/\">Curso de Introducci\u00f3n al Psicoan\u00e1lisis<\/a> del EPBCN.<\/p>\n","protected":false},"excerpt":{"rendered":"<p>El Espacio Psicoanal\u00edtico de Barcelona (EPBCN) y Alibri Llibreria, SL firmaron con fecha 17 de octubre de 2016 un convenio de colaboraci\u00f3n. Josep Maria Blasco, director y administrador del EPBCN, y Alejandro L\u00f3pez Mart\u00edn, representante de Alibri, son los firmantes de este convenio que crea un marco gen\u00e9rico de colaboraci\u00f3n mutua, con la finalidad de [&hellip;]<\/p>\n","protected":false},"author":1,"featured_media":0,"comment_status":"open","ping_status":"open","sticky":false,"template":"","format":"standard","meta":{"footnotes":""},"categories":[166,2,38],"tags":[164,133],"class_list":["post-4615","post","type-post","status-publish","format-standard","hentry","category-alibri-libreria","category-aperturas","category-convenios","tag-alejandro-lopez-martin","tag-josep-maria-blasco"],"_links":{"self":[{"href":"https:\/\/www.epbcn.com\/blog\/wp-json\/wp\/v2\/posts\/4615","targetHints":{"allow":["GET"]}}],"collection":[{"href":"https:\/\/www.epbcn.com\/blog\/wp-json\/wp\/v2\/posts"}],"about":[{"href":"https:\/\/www.epbcn.com\/blog\/wp-json\/wp\/v2\/types\/post"}],"author":[{"embeddable":true,"href":"https:\/\/www.epbcn.com\/blog\/wp-json\/wp\/v2\/users\/1"}],"replies":[{"embeddable":true,"href":"https:\/\/www.epbcn.com\/blog\/wp-json\/wp\/v2\/comments?post=4615"}],"version-history":[{"count":1,"href":"https:\/\/www.epbcn.com\/blog\/wp-json\/wp\/v2\/posts\/4615\/revisions"}],"predecessor-version":[{"id":7051,"href":"https:\/\/www.epbcn.com\/blog\/wp-json\/wp\/v2\/posts\/4615\/revisions\/7051"}],"wp:attachment":[{"href":"https:\/\/www.epbcn.com\/blog\/wp-json\/wp\/v2\/media?parent=4615"}],"wp:term":[{"taxonomy":"category","embeddable":true,"href":"https:\/\/www.epbcn.com\/blog\/wp-json\/wp\/v2\/categories?post=4615"},{"taxonomy":"post_tag","embeddable":true,"href":"https:\/\/www.epbcn.com\/blog\/wp-json\/wp\/v2\/tags?post=4615"}],"curies":[{"name":"wp","href":"https:\/\/api.w.org\/{rel}","templated":true}]}}