{"id":4659,"date":"2017-01-10T19:58:09","date_gmt":"2017-01-10T18:58:09","guid":{"rendered":"http:\/\/www.epbcn.com\/?p=4659"},"modified":"2017-02-22T11:34:19","modified_gmt":"2017-02-22T10:34:19","slug":"y-sufrir-y-sufrir-y-sufrir","status":"publish","type":"post","link":"https:\/\/www.epbcn.com\/blog\/2017\/01\/10\/y-sufrir-y-sufrir-y-sufrir\/","title":{"rendered":"Y sufrir y sufrir y sufrir"},"content":{"rendered":"<p>&#8220;Las sociedades occidentales viven uno de los periodos de paz m\u00e1s duraderos de la historia, y necesidades b\u00e1sicas como la alimentaci\u00f3n o el cobijo est\u00e1n cubiertas para una gran parte de sus poblaciones. Aun as\u00ed, todos seguimos sufriendo. \u00bfPor qu\u00e9?&#8221;.<\/p>\n<p>Hemos a\u00f1adido un nuevo art\u00edculo a nuestra colecci\u00f3n <a href=\"\/textos\/\">\u2018Textos para pensar\u2019<\/a>. Se trata de la ponencia que Carlos Carbonell, David Palau y Eva Rodr\u00edguez presentaron en las <a href=\"\/difusion\/jornadas\/2016\/05\/xvi-aperturas-en-psicoanalisis-v\/\">XVI Jornadas del EPBCN<\/a>, titulada <a href=\"\/textos\/2017\/01\/y-sufrir-y-sufrir-y-sufrir\/\">&#8216;Y sufrir y sufrir y sufrir&#8217;<\/a>.<\/p>\n<p>Pr\u00f3ximamente a\u00f1adiremos nuevos t\u00edtulos a esta colecci\u00f3n.<\/p>\n","protected":false},"excerpt":{"rendered":"<p>&#8220;Las sociedades occidentales viven uno de los periodos de paz m\u00e1s duraderos de la historia, y necesidades b\u00e1sicas como la alimentaci\u00f3n o el cobijo est\u00e1n cubiertas para una gran parte de sus poblaciones. Aun as\u00ed, todos seguimos sufriendo. \u00bfPor qu\u00e9?&#8221;. Hemos a\u00f1adido un nuevo art\u00edculo a nuestra colecci\u00f3n \u2018Textos para pensar\u2019. Se trata de la [&hellip;]<\/p>\n","protected":false},"author":1,"featured_media":0,"comment_status":"open","ping_status":"open","sticky":false,"template":"","format":"standard","meta":{"footnotes":""},"categories":[8,13,25],"tags":[117,120,126],"class_list":["post-4659","post","type-post","status-publish","format-standard","hentry","category-jornadas","category-publicacion","category-textos-para-pensar","tag-carlos-carbonell","tag-david-palau","tag-eva-rodriguez"],"_links":{"self":[{"href":"https:\/\/www.epbcn.com\/blog\/wp-json\/wp\/v2\/posts\/4659","targetHints":{"allow":["GET"]}}],"collection":[{"href":"https:\/\/www.epbcn.com\/blog\/wp-json\/wp\/v2\/posts"}],"about":[{"href":"https:\/\/www.epbcn.com\/blog\/wp-json\/wp\/v2\/types\/post"}],"author":[{"embeddable":true,"href":"https:\/\/www.epbcn.com\/blog\/wp-json\/wp\/v2\/users\/1"}],"replies":[{"embeddable":true,"href":"https:\/\/www.epbcn.com\/blog\/wp-json\/wp\/v2\/comments?post=4659"}],"version-history":[{"count":0,"href":"https:\/\/www.epbcn.com\/blog\/wp-json\/wp\/v2\/posts\/4659\/revisions"}],"wp:attachment":[{"href":"https:\/\/www.epbcn.com\/blog\/wp-json\/wp\/v2\/media?parent=4659"}],"wp:term":[{"taxonomy":"category","embeddable":true,"href":"https:\/\/www.epbcn.com\/blog\/wp-json\/wp\/v2\/categories?post=4659"},{"taxonomy":"post_tag","embeddable":true,"href":"https:\/\/www.epbcn.com\/blog\/wp-json\/wp\/v2\/tags?post=4659"}],"curies":[{"name":"wp","href":"https:\/\/api.w.org\/{rel}","templated":true}]}}