{"id":6244,"date":"2018-05-08T14:30:42","date_gmt":"2018-05-08T13:30:42","guid":{"rendered":"https:\/\/www.epbcn.com\/blog\/?p=6244"},"modified":"2020-01-08T11:57:29","modified_gmt":"2020-01-08T10:57:29","slug":"presentacion-de-lo-grupal-como-intervencion-critica-en-alibri","status":"publish","type":"post","link":"https:\/\/www.epbcn.com\/blog\/2018\/05\/08\/presentacion-de-lo-grupal-como-intervencion-critica-en-alibri\/","title":{"rendered":"Presentaci\u00f3n de &#8216;Lo Grupal como intervenci\u00f3n cr\u00edtica&#8217; en Alibri"},"content":{"rendered":"<p>El mi\u00e9rcoles 9 de mayo, a las 19:30, se presentar\u00e1 en la librer\u00eda&nbsp;<a href=\"https:\/\/www.alibri.es\/\">Alibri<\/a>&nbsp;el libro&nbsp;<a href=\"\/ediciones\/lo-grupal-como-intervencion-critica\/\">\u2018Lo Grupal como intervenci\u00f3n cr\u00edtica\u2019<\/a>, de Gabriela Cardaci.<\/p>\n<p>La presentaci\u00f3n estar\u00e1 a cargo de&nbsp;<a href=\"\/equipo\/josep-maria-blasco\/\">Josep Maria Blasco<\/a>&nbsp;(psicoanalista), y contar\u00e1 con la participaci\u00f3n de la autora, venida desde Buenos Aires, Argentina.<\/p>\n<p>ACTIVIDAD GRATUITA \u2013 PLAZAS LIMITADAS<\/p>\n<p>M\u00e1s informaci\u00f3n y reservas: 93 454 89 78 \u2013 secretaria@epbcn.com<\/p>\n","protected":false},"excerpt":{"rendered":"<p>El mi\u00e9rcoles 9 de mayo, a las 19:30, se presentar\u00e1 en la librer\u00eda&nbsp;Alibri&nbsp;el libro&nbsp;\u2018Lo Grupal como intervenci\u00f3n cr\u00edtica\u2019, de Gabriela Cardaci. La presentaci\u00f3n estar\u00e1 a cargo de&nbsp;Josep Maria Blasco&nbsp;(psicoanalista), y contar\u00e1 con la participaci\u00f3n de la autora, venida desde Buenos Aires, Argentina. ACTIVIDAD GRATUITA \u2013 PLAZAS LIMITADAS M\u00e1s informaci\u00f3n y reservas: 93 454 89 78 [&hellip;]<\/p>\n","protected":false},"author":1,"featured_media":0,"comment_status":"open","ping_status":"open","sticky":false,"template":"","format":"standard","meta":{"footnotes":""},"categories":[182,3,62,63,68,13],"tags":[129,133],"class_list":["post-6244","post","type-post","status-publish","format-standard","hentry","category-alibri-libreria-presentacion-libros","category-difusion","category-libros","category-lo-grupal-como-intervencion-critica","category-presentacion-libros","category-publicacion","tag-gabriela-cardaci","tag-josep-maria-blasco"],"_links":{"self":[{"href":"https:\/\/www.epbcn.com\/blog\/wp-json\/wp\/v2\/posts\/6244","targetHints":{"allow":["GET"]}}],"collection":[{"href":"https:\/\/www.epbcn.com\/blog\/wp-json\/wp\/v2\/posts"}],"about":[{"href":"https:\/\/www.epbcn.com\/blog\/wp-json\/wp\/v2\/types\/post"}],"author":[{"embeddable":true,"href":"https:\/\/www.epbcn.com\/blog\/wp-json\/wp\/v2\/users\/1"}],"replies":[{"embeddable":true,"href":"https:\/\/www.epbcn.com\/blog\/wp-json\/wp\/v2\/comments?post=6244"}],"version-history":[{"count":0,"href":"https:\/\/www.epbcn.com\/blog\/wp-json\/wp\/v2\/posts\/6244\/revisions"}],"wp:attachment":[{"href":"https:\/\/www.epbcn.com\/blog\/wp-json\/wp\/v2\/media?parent=6244"}],"wp:term":[{"taxonomy":"category","embeddable":true,"href":"https:\/\/www.epbcn.com\/blog\/wp-json\/wp\/v2\/categories?post=6244"},{"taxonomy":"post_tag","embeddable":true,"href":"https:\/\/www.epbcn.com\/blog\/wp-json\/wp\/v2\/tags?post=6244"}],"curies":[{"name":"wp","href":"https:\/\/api.w.org\/{rel}","templated":true}]}}