{"id":6307,"date":"2018-06-04T10:54:55","date_gmt":"2018-06-04T09:54:55","guid":{"rendered":"https:\/\/www.epbcn.com\/blog\/?p=6307"},"modified":"2019-10-12T15:00:10","modified_gmt":"2019-10-12T14:00:10","slug":"freud-popper-y-el-sentido-comun","status":"publish","type":"post","link":"https:\/\/www.epbcn.com\/blog\/2018\/06\/04\/freud-popper-y-el-sentido-comun\/","title":{"rendered":"Freud, Popper y el sentido com\u00fan"},"content":{"rendered":"<blockquote><p>Nuestro prop\u00f3sito es examinar cr\u00edticamente la siguiente afirmaci\u00f3n:<\/p>\n<p>Karl Popper demostr\u00f3, en\u00a0<em>Conjeturas y refutaciones<\/em>, que el psicoan\u00e1lisis es una pseudociencia porque es irrefutable.Se trata de una afirmaci\u00f3n que ha pasado a ser, por as\u00ed decir,\u00a0<em>de sentido com\u00fan<\/em>.\u00a0Nuestro objetivo, en el presente escrito, es someterla a an\u00e1lisis cr\u00edtico.<\/p><\/blockquote>\n<p>Hemos a\u00f1adido un nuevo art\u00edculo a nuestra colecci\u00f3n de\u00a0<a href=\"\/textos\/\">\u2018Textos para pensar\u2019<\/a>. Se trata de la ponencia que\u00a0<a href=\"\/equipo\/josep-maria-blasco\/\">Josep Maria Blasco<\/a>\u00a0present\u00f3 el s\u00e1bado 12 de mayo en las\u00a0<a href=\"\/difusion\/jornadas\/2018\/05\/xviii-aperturas-en-psicoanalisis-vii\/\">XVIII Jornadas del EPBCN, \u2018Aperturas en psicoan\u00e1lisis (VII)\u2019<\/a>, y que lleva por t\u00edtulo\u00a0<a href=\"\/textos\/2018\/06\/freud-popper-y-el-sentido-comun\/\">\u2018Freud, Popper y el sentido com\u00fan\u2019<\/a>.<\/p>\n<p>Pr\u00f3ximamente a\u00f1adiremos m\u00e1s textos a esta colecci\u00f3n.<\/p>\n","protected":false},"excerpt":{"rendered":"<p>Nuestro prop\u00f3sito es examinar cr\u00edticamente la siguiente afirmaci\u00f3n: Karl Popper demostr\u00f3, en\u00a0Conjeturas y refutaciones, que el psicoan\u00e1lisis es una pseudociencia porque es irrefutable.Se trata de una afirmaci\u00f3n que ha pasado a ser, por as\u00ed decir,\u00a0de sentido com\u00fan.\u00a0Nuestro objetivo, en el presente escrito, es someterla a an\u00e1lisis cr\u00edtico. Hemos a\u00f1adido un nuevo art\u00edculo a nuestra colecci\u00f3n [&hellip;]<\/p>\n","protected":false},"author":1,"featured_media":0,"comment_status":"open","ping_status":"open","sticky":false,"template":"","format":"standard","meta":{"footnotes":""},"categories":[3,8,13,25],"tags":[133],"class_list":["post-6307","post","type-post","status-publish","format-standard","hentry","category-difusion","category-jornadas","category-publicacion","category-textos-para-pensar","tag-josep-maria-blasco"],"_links":{"self":[{"href":"https:\/\/www.epbcn.com\/blog\/wp-json\/wp\/v2\/posts\/6307","targetHints":{"allow":["GET"]}}],"collection":[{"href":"https:\/\/www.epbcn.com\/blog\/wp-json\/wp\/v2\/posts"}],"about":[{"href":"https:\/\/www.epbcn.com\/blog\/wp-json\/wp\/v2\/types\/post"}],"author":[{"embeddable":true,"href":"https:\/\/www.epbcn.com\/blog\/wp-json\/wp\/v2\/users\/1"}],"replies":[{"embeddable":true,"href":"https:\/\/www.epbcn.com\/blog\/wp-json\/wp\/v2\/comments?post=6307"}],"version-history":[{"count":0,"href":"https:\/\/www.epbcn.com\/blog\/wp-json\/wp\/v2\/posts\/6307\/revisions"}],"wp:attachment":[{"href":"https:\/\/www.epbcn.com\/blog\/wp-json\/wp\/v2\/media?parent=6307"}],"wp:term":[{"taxonomy":"category","embeddable":true,"href":"https:\/\/www.epbcn.com\/blog\/wp-json\/wp\/v2\/categories?post=6307"},{"taxonomy":"post_tag","embeddable":true,"href":"https:\/\/www.epbcn.com\/blog\/wp-json\/wp\/v2\/tags?post=6307"}],"curies":[{"name":"wp","href":"https:\/\/api.w.org\/{rel}","templated":true}]}}