{"id":6358,"date":"2018-10-02T12:54:06","date_gmt":"2018-10-02T11:54:06","guid":{"rendered":"https:\/\/www.epbcn.com\/blog\/?p=6358"},"modified":"2023-03-21T09:48:15","modified_gmt":"2023-03-21T08:48:15","slug":"curso-de-introduccion-al-psicoanalisis-xxii-convocatoria","status":"publish","type":"post","link":"https:\/\/www.epbcn.com\/blog\/2018\/10\/02\/curso-de-introduccion-al-psicoanalisis-xxii-convocatoria\/","title":{"rendered":"Curso de Introducci\u00f3n al Psicoan\u00e1lisis, XXII Convocatoria"},"content":{"rendered":"<div><strong>CURSO DE INTRODUCCI\u00d3N AL PSICOAN\u00c1LISIS<\/strong><\/div>\n<div>\n<p><strong>XXII CONVOCATORIA \u2013 TEMPORADA 2018-2019<\/strong><\/p>\n<p><a href=\"https:\/\/www.epbcn.com\/blog\/wp-content\/uploads\/2016\/09\/SEGELL-COPC2016.jpg\"><img loading=\"lazy\" decoding=\"async\" class=\"alignnone wp-image-4553 size-medium\" src=\"https:\/\/www.epbcn.com\/blog\/wp-content\/uploads\/2016\/09\/SEGELL-COPC2016-300x57.jpg\" width=\"300\" height=\"57\"><\/a><\/p>\n<p><a href=\"https:\/\/www.epbcn.com\/blog\/wp-content\/uploads\/2016\/09\/SEGELL-COPC2016.jpg\"><img loading=\"lazy\" decoding=\"async\" class=\"alignnone wp-image-5807\" src=\"https:\/\/www.epbcn.com\/blog\/wp-content\/uploads\/2017\/09\/COPEC_LogoActual_2016_AltaDefinicio-300x156.jpg\" sizes=\"auto, (max-width: 156px) 100vw, 156px\" srcset=\"https:\/\/i1.wp.com\/www.epbcn.com\/blog\/wp-content\/uploads\/2017\/09\/COPEC_LogoActual_2016_AltaDefinicio.jpg?resize=300%2C156&amp;ssl=1 300w, https:\/\/i1.wp.com\/www.epbcn.com\/blog\/wp-content\/uploads\/2017\/09\/COPEC_LogoActual_2016_AltaDefinicio.jpg?resize=768%2C399&amp;ssl=1 768w, https:\/\/i1.wp.com\/www.epbcn.com\/blog\/wp-content\/uploads\/2017\/09\/COPEC_LogoActual_2016_AltaDefinicio.jpg?resize=1024%2C532&amp;ssl=1 1024w, https:\/\/i1.wp.com\/www.epbcn.com\/blog\/wp-content\/uploads\/2017\/09\/COPEC_LogoActual_2016_AltaDefinicio.jpg?w=2000&amp;ssl=1 2000w, https:\/\/i1.wp.com\/www.epbcn.com\/blog\/wp-content\/uploads\/2017\/09\/COPEC_LogoActual_2016_AltaDefinicio.jpg?w=3000&amp;ssl=1 3000w\" alt=\"\" width=\"156\" height=\"81\" data-attachment-id=\"5807\" data-permalink=\"https:\/\/www.epbcn.com\/blog\/2017\/09\/06\/curso-de-introduccion-al-psicoanalisis-xxi-convocatoria\/imprimir\/\" data-orig-file=\"https:\/\/i1.wp.com\/www.epbcn.com\/blog\/wp-content\/uploads\/2017\/09\/COPEC_LogoActual_2016_AltaDefinicio.jpg?fit=5906%2C3071&amp;ssl=1\" data-orig-size=\"5906,3071\" data-comments-opened=\"1\" data-image-meta=\"{&quot;aperture&quot;:&quot;0&quot;,&quot;credit&quot;:&quot;&quot;,&quot;camera&quot;:&quot;&quot;,&quot;caption&quot;:&quot;&quot;,&quot;created_timestamp&quot;:&quot;0&quot;,&quot;copyright&quot;:&quot;&quot;,&quot;focal_length&quot;:&quot;0&quot;,&quot;iso&quot;:&quot;0&quot;,&quot;shutter_speed&quot;:&quot;0&quot;,&quot;title&quot;:&quot;Imprimir&quot;,&quot;orientation&quot;:&quot;1&quot;}\" data-image-title=\"Imprimir\" data-image-description=\"\" data-medium-file=\"https:\/\/i1.wp.com\/www.epbcn.com\/blog\/wp-content\/uploads\/2017\/09\/COPEC_LogoActual_2016_AltaDefinicio.jpg?fit=300%2C156&amp;ssl=1\" data-large-file=\"https:\/\/i1.wp.com\/www.epbcn.com\/blog\/wp-content\/uploads\/2017\/09\/COPEC_LogoActual_2016_AltaDefinicio.jpg?fit=1024%2C532&amp;ssl=1\"><\/a><\/p>\n<p><a href=\"https:\/\/www.epbcn.com\/blog\/wp-content\/uploads\/2016\/04\/ceesc.png\"><img loading=\"lazy\" decoding=\"async\" class=\"alignnone wp-image-4459\" src=\"https:\/\/www.epbcn.com\/blog\/wp-content\/uploads\/2016\/04\/ceesc-300x79.png\" alt=\"Col\u00b7legi d'Educadores i Educadors Socials de Catalunya\" width=\"273\" height=\"72\"><\/a><\/p>\n<\/div>\n<p>Primera parte: Curso sobre la interpretaci\u00f3n de los sue\u00f1os \u2013&nbsp;Segunda parte: Teor\u00eda general de las neurosis<\/p>\n<p><strong>Dirigido a:<\/strong><\/p>\n<p>Todos aquellos que quieran iniciarse en el estudio del psicoan\u00e1lisis.<\/p>\n<p><strong>Objetivo:<\/strong><\/p>\n<p>Realizar una primera introducci\u00f3n a la teor\u00eda psicoanal\u00edtica.<\/p>\n<p><strong>Temario:<\/strong><\/p>\n<p>En la primera parte (Curso sobre la interpretaci\u00f3n de los sue\u00f1os) se estudian los actos fallidos y los sue\u00f1os como manera de aproximarse a las tres instancias que constituyen la primera t\u00f3pica freudiana: inconsciente, preconsciente y consciente. En la segunda parte (Teor\u00eda general de las neurosis) se estudia la teor\u00eda de las neurosis, con especial \u00e9nfasis en las estructuras freudianas de la histeria y la neurosis obsesiva, se pone en cuesti\u00f3n la noci\u00f3n de desarrollo, y se introducen los conceptos de pulsi\u00f3n, libido, narcisismo, transferencia.<\/p>\n<p><strong>Requisitos:<\/strong><\/p>\n<p>No se requieren estudios previos. Para m\u00e1s informaci\u00f3n, solicitar una entrevista informativa llamando al 93 454 89 78.<\/p>\n<p><strong>Continuaci\u00f3n de los estudios:<\/strong><\/p>\n<p>Los alumnos que al terminar el Curso de Introducci\u00f3n deseen profundizar sus estudios de teor\u00eda psicoanal\u00edtica podr\u00e1n matricularse en el&nbsp;<a title=\"Curso de introducci\u00f3n al psicoan\u00e1lisis, segundo a\u00f1o\" href=\"\/formacion\/fundamentos\/avanzado\/\">segundo a\u00f1o del Curso de introducci\u00f3n al psicoan\u00e1lisis<\/a> o en el&nbsp;<a title=\"Seminario de psicoan\u00e1lisis freudiano\" href=\"\/formacion\/ciclo-avanzado\/seminario-freud-y-los-clasicos-del-psicoanalisis\/\" target=\"_blank\" rel=\"noopener noreferrer\">Seminario Freud y los cl\u00e1sicos del psicoan\u00e1lisis<\/a>.<\/p>\n<p><strong>Profesores:<\/strong><\/p>\n<p><a title=\"Josep Maria Blasco\" href=\"\/equipo\/josep-maria-blasco\/\" target=\"_blank\" rel=\"noopener noreferrer\">Josep Maria Blasco<\/a>, psicoanalista y director del Espacio Psicoanal\u00edtico de Barcelona.&nbsp;<a href=\"\/equipo\/silvina-fernandez\/\" target=\"_blank\" rel=\"noopener noreferrer\">Silvina Fern\u00e1ndez<\/a>,&nbsp;<a href=\"https:\/\/www.epbcn.com\/equipo\/maria-del-mar-martin\/\" target=\"_blank\" rel=\"noopener noreferrer\">Mar\u00eda del Mar Mart\u00edn<\/a>,&nbsp;Fabi\u00e1n Ortiz&nbsp;y&nbsp;<a href=\"\/equipo\/olga-palomino\/\">Olga Palomino<\/a>, psicoanalistas.&nbsp;<a href=\"\/equipo\/carlos-carbonell\/\">Carlos Carbonell<\/a>, psicoterapeuta.<\/p>\n<p><strong>Duraci\u00f3n y frecuencia:<\/strong><\/p>\n<p>Clases semanales de 1:15 horas de duraci\u00f3n, de noviembre de 2018 a junio de 2019.<\/p>\n<p><strong>Horarios:<\/strong><\/p>\n<p>Grupo A (noches): Jueves, de 20:30 a 21:45 (<a href=\"\/calendario\/introductorio\/22\/2018-2019\/A\/\" target=\"_blank\" rel=\"noopener noreferrer\">calendario<\/a>).<br \/>\nGrupo B (ma\u00f1anas): Jueves, de 11:00 a 12:15 (<a href=\"\/calendario\/introductorio\/22\/2018-2019\/B\/\" target=\"_blank\" rel=\"noopener noreferrer\">calendario<\/a>).<\/p>\n<p><strong>Lugar:<\/strong><\/p>\n<p>Aulario del Espacio Psicoanal\u00edtico de Barcelona, Balmes, 32, 2.\u00ba 1.\u00aa \u2013 Barcelona.<\/p>\n<p><strong>Precio del curso:<\/strong><\/p>\n<p>El precio del curso es de 50 \u20ac\/mes de noviembre a junio, m\u00e1s 50 \u20ac en concepto de gastos de inscripci\u00f3n y matr\u00edcula. Si lo desea, puede pagar el curso completo (290 \u20ac) y obtendr\u00e1 un descuento de 160 \u20ac.<\/p>\n<p>Estudiantes: 35 \u20ac\/mes de noviembre a junio, m\u00e1s 35 \u20ac en concepto de gastos de inscripci\u00f3n y matr\u00edcula. Si lo desea, puede pagar el curso completo (190 \u20ac) y obtendr\u00e1 un descuento de 125 \u20ac.<\/p>\n<p><strong>Informaci\u00f3n e inscripciones:<\/strong><\/p>\n<p>En la Secretar\u00eda del Espacio Psicoanal\u00edtico de Barcelona, c\/ Balmes, 32, 2.\u00ba 1.\u00aa, o llamando al 93 454 89 78 en horario de Secretar\u00eda (laborables de lunes a viernes de 10:00 a 20:00), o en&nbsp;<a href=\"https:\/\/www.epbcn.com\/\">www.epbcn.com<\/a>. Puede encontrar informaci\u00f3n m\u00e1s completa&nbsp;<a title=\"Curso de introducci\u00f3n al psicoan\u00e1lisis\" href=\"\/formacion\/fundamentos\/introductorio\/\" target=\"_blank\" rel=\"noopener noreferrer\">aqu\u00ed<\/a>.<\/p>\n<p><strong>ABIERTA LA MATR\u00cdCULA \u2013 PLAZAS LIMITADAS<\/strong><\/p>\n<p><strong>P R O G R A M A &nbsp;D E L &nbsp;C U R S O<\/strong><\/p>\n<p><strong>Primera parte<\/strong><\/p>\n<p>Introducci\u00f3n<br \/>\nLos actos fallidos<\/p>\n<p><strong>Segunda parte: Los sue\u00f1os<\/strong><\/p>\n<p>Dificultades y primeras aproximaciones.<br \/>\nPremisas y t\u00e9cnica de la interpretaci\u00f3n.<br \/>\nContenido manifiesto del sue\u00f1o y pensamientos on\u00edricos latentes.<br \/>\nSue\u00f1os de ni\u00f1os.<br \/>\nLa censura on\u00edrica.<br \/>\nEl simbolismo en el sue\u00f1o.<br \/>\nEl trabajo del sue\u00f1o.<br \/>\nAn\u00e1lisis de algunos ejemplos de sue\u00f1os.<br \/>\nRasgos arcaicos e infantilismo del sue\u00f1o.<br \/>\nRealizaciones de deseos.<br \/>\nIncertezas y cr\u00edticas.<\/p>\n<p><strong>Tercera parte: Teor\u00eda general de las neurosis<\/strong><\/p>\n<p>Psicoan\u00e1lisis y psiquiatr\u00eda.<br \/>\nEl sentido de los s\u00edntomas.<br \/>\nLa fijaci\u00f3n al trauma. Lo inconsciente.<br \/>\nResistencia y represi\u00f3n.<br \/>\nLa vida sexual de los seres humanos.<br \/>\nDesarrollo libidinal y organizaciones sexuales.<br \/>\nAlgunas perspectivas sobre el desarrollo y de la regresi\u00f3n. Etiolog\u00eda.<br \/>\nLos caminos de la formaci\u00f3n de s\u00edntoma.<br \/>\nEl estado neur\u00f3tico com\u00fan.<br \/>\nLa angustia.<br \/>\nLa teor\u00eda de la libido y el narcisismo.<br \/>\nLa transferencia.<br \/>\nLa terapia anal\u00edtica.<\/p>\n<p><strong>BIBLIOGRAF\u00cdA RECOMENDADA<\/strong><\/p>\n<p>Cualquier edici\u00f3n de las \u201cLecciones introductorias al psicoan\u00e1lisis\u201d (o \u201cConferencias de introducci\u00f3n al psicoan\u00e1lisis\u201d) escritas por Sigmund Freud en 1915-16 y publicadas en 1917 puede servir. Las dos m\u00e1s conocidas son:<\/p>\n<p>1) La de Editorial Biblioteca Nueva, con traducci\u00f3n de Luis L\u00f3pez-Ballesteros y de Torres. Entre las varias presentaciones de las obras completas de Sigmund Freud que proporciona esta Editorial, la m\u00e1s econ\u00f3mica y manejable es el volumen 6 de la colecci\u00f3n \u201cBiblioteca Sigmund Freud \u2013 Obras Completas\u201d. El volumen 6 incluye otros textos de Freud, como la \u201cIntroducci\u00f3n del narcisismo\u201d o el caso del \u201cHombre de los lobos\u201d. El precio aproximado del ejemplar es de 11 \u20ac.<\/p>\n<p>2) La de Amorrortu Editores, con traducci\u00f3n de Jos\u00e9 L. Etcheverry. La colecci\u00f3n es \u201cSigmund Freud \u2013 Obras Completas\u201d, y los vol\u00famenes son el XV, \u201cConferencias de introducci\u00f3n al psicoan\u00e1lisis (Partes I y II) (1915-1916)\u201d, para el primer semestre del curso, y el XVI \u201cConferencias de introducci\u00f3n al psicoan\u00e1lisis (Partes I y II) (1916-1917)\u201d para el segundo trimestre. El precio de cada uno de los ejemplares ronda los 15 \u20ac.<\/p>\n<p>Existen tambi\u00e9n multitud de otras ediciones, en general siguiendo la traducci\u00f3n de Ballesteros, p. ej., en Alianza Editorial. Los t\u00edtulos de estas ediciones pueden variar; algunas ediciones de Alianza se titulan \u201cIntroducci\u00f3n al Psicoan\u00e1lisis\u201d.<\/p>\n","protected":false},"excerpt":{"rendered":"<p>CURSO DE INTRODUCCI\u00d3N AL PSICOAN\u00c1LISIS XXII CONVOCATORIA \u2013 TEMPORADA 2018-2019 Primera parte: Curso sobre la interpretaci\u00f3n de los sue\u00f1os \u2013&nbsp;Segunda parte: Teor\u00eda general de las neurosis Dirigido a: Todos aquellos que quieran iniciarse en el estudio del psicoan\u00e1lisis. Objetivo: Realizar una primera introducci\u00f3n a la teor\u00eda psicoanal\u00edtica. Temario: En la primera parte (Curso sobre la [&hellip;]<\/p>\n","protected":false},"author":1,"featured_media":0,"comment_status":"open","ping_status":"open","sticky":false,"template":"","format":"standard","meta":{"footnotes":""},"categories":[39,43,5,59],"tags":[117,133,142,149,154],"class_list":["post-6358","post","type-post","status-publish","format-standard","hentry","category-convocatorias","category-cursos","category-formacion","category-curso-de-introduccion","tag-carlos-carbonell","tag-josep-maria-blasco","tag-maria-del-mar-martin","tag-olga-palomino","tag-silvina-fernandez"],"_links":{"self":[{"href":"https:\/\/www.epbcn.com\/blog\/wp-json\/wp\/v2\/posts\/6358","targetHints":{"allow":["GET"]}}],"collection":[{"href":"https:\/\/www.epbcn.com\/blog\/wp-json\/wp\/v2\/posts"}],"about":[{"href":"https:\/\/www.epbcn.com\/blog\/wp-json\/wp\/v2\/types\/post"}],"author":[{"embeddable":true,"href":"https:\/\/www.epbcn.com\/blog\/wp-json\/wp\/v2\/users\/1"}],"replies":[{"embeddable":true,"href":"https:\/\/www.epbcn.com\/blog\/wp-json\/wp\/v2\/comments?post=6358"}],"version-history":[{"count":3,"href":"https:\/\/www.epbcn.com\/blog\/wp-json\/wp\/v2\/posts\/6358\/revisions"}],"predecessor-version":[{"id":7414,"href":"https:\/\/www.epbcn.com\/blog\/wp-json\/wp\/v2\/posts\/6358\/revisions\/7414"}],"wp:attachment":[{"href":"https:\/\/www.epbcn.com\/blog\/wp-json\/wp\/v2\/media?parent=6358"}],"wp:term":[{"taxonomy":"category","embeddable":true,"href":"https:\/\/www.epbcn.com\/blog\/wp-json\/wp\/v2\/categories?post=6358"},{"taxonomy":"post_tag","embeddable":true,"href":"https:\/\/www.epbcn.com\/blog\/wp-json\/wp\/v2\/tags?post=6358"}],"curies":[{"name":"wp","href":"https:\/\/api.w.org\/{rel}","templated":true}]}}