{"id":6796,"date":"2020-02-10T09:00:36","date_gmt":"2020-02-10T08:00:36","guid":{"rendered":"https:\/\/www.epbcn.com\/blog\/?p=6796"},"modified":"2019-12-16T12:57:48","modified_gmt":"2019-12-16T11:57:48","slug":"todo-esta-prohibido-la-ensenanza-de-la-violencia","status":"publish","type":"post","link":"https:\/\/www.epbcn.com\/blog\/2020\/02\/10\/todo-esta-prohibido-la-ensenanza-de-la-violencia\/","title":{"rendered":"Todo est\u00e1 prohibido. La ense\u00f1anza de la violencia"},"content":{"rendered":"\n<blockquote class=\"wp-block-quote is-layout-flow wp-block-quote-is-layout-flow\"><p>\u00bfCu\u00e1l es la negaci\u00f3n de la frase \u00abTodo est\u00e1 prohibido\u00bb? S\u00f3lo una persona de cada veinte puede contestar correctamente a esta aparentemente sencilla pregunta. \u00bfPor qu\u00e9 sucede algo as\u00ed? Esclarecerlo nos introducir\u00e1 en un viaje que incluye la estructura misma de la negaci\u00f3n, los cuadros de oposici\u00f3n aristot\u00e9licos, determinados problemas ling\u00fc\u00edsticos, y una serie de otras cuestiones de resonancia filos\u00f3fica. Por el camino descubriremos tambi\u00e9n un grado tremendo de violencia que est\u00e1 impl\u00edcito en los modos habituales de ense\u00f1anza, y al que estamos tan acostumbrados que ya ni lo percibimos, pues nos parece natural. <\/p><\/blockquote>\n\n\n\n<p>Charla-coloquio a cargo de&nbsp;<a href=\"https:\/\/www.epbcn.com\/equipo\/josep-maria-blasco\/\">Josep Maria Blasco<\/a> (psicoanalista).<\/p>\n\n\n\n<p>D\u00eda y hora:<br>Mi\u00e9rcoles, 12 de febrero de 2020, a las 20:00.<\/p>\n\n\n\n<p>Lugar:<br>Aulario del EPBCN. c\/ Balmes, 32, 2.\u00ba 1.\u00aa \u2013 Barcelona.<\/p>\n\n\n\n<p>ASISTENCIA GRATUITA PREVIA INSCRIPCI\u00d3N \u2013 PLAZAS LIMITADAS<\/p>\n\n\n\n<p>Informaci\u00f3n e inscripciones:<br>93 454 89 78 \u2013 secretaria@epbcn.com<\/p>\n","protected":false},"excerpt":{"rendered":"<p>\u00bfCu\u00e1l es la negaci\u00f3n de la frase \u00abTodo est\u00e1 prohibido\u00bb? S\u00f3lo una persona de cada veinte puede contestar correctamente a esta aparentemente sencilla pregunta. \u00bfPor qu\u00e9 sucede algo as\u00ed? Esclarecerlo nos introducir\u00e1 en un viaje que incluye la estructura misma de la negaci\u00f3n, los cuadros de oposici\u00f3n aristot\u00e9licos, determinados problemas ling\u00fc\u00edsticos, y una serie de [&hellip;]<\/p>\n","protected":false},"author":1,"featured_media":0,"comment_status":"open","ping_status":"open","sticky":false,"template":"","format":"standard","meta":{"footnotes":""},"categories":[34,3,181],"tags":[133],"class_list":["post-6796","post","type-post","status-publish","format-standard","hentry","category-charlas-coloquio","category-difusion","category-todo-esta-prohibido","tag-josep-maria-blasco"],"_links":{"self":[{"href":"https:\/\/www.epbcn.com\/blog\/wp-json\/wp\/v2\/posts\/6796","targetHints":{"allow":["GET"]}}],"collection":[{"href":"https:\/\/www.epbcn.com\/blog\/wp-json\/wp\/v2\/posts"}],"about":[{"href":"https:\/\/www.epbcn.com\/blog\/wp-json\/wp\/v2\/types\/post"}],"author":[{"embeddable":true,"href":"https:\/\/www.epbcn.com\/blog\/wp-json\/wp\/v2\/users\/1"}],"replies":[{"embeddable":true,"href":"https:\/\/www.epbcn.com\/blog\/wp-json\/wp\/v2\/comments?post=6796"}],"version-history":[{"count":0,"href":"https:\/\/www.epbcn.com\/blog\/wp-json\/wp\/v2\/posts\/6796\/revisions"}],"wp:attachment":[{"href":"https:\/\/www.epbcn.com\/blog\/wp-json\/wp\/v2\/media?parent=6796"}],"wp:term":[{"taxonomy":"category","embeddable":true,"href":"https:\/\/www.epbcn.com\/blog\/wp-json\/wp\/v2\/categories?post=6796"},{"taxonomy":"post_tag","embeddable":true,"href":"https:\/\/www.epbcn.com\/blog\/wp-json\/wp\/v2\/tags?post=6796"}],"curies":[{"name":"wp","href":"https:\/\/api.w.org\/{rel}","templated":true}]}}