{"id":7008,"date":"2022-04-06T15:44:45","date_gmt":"2022-04-06T14:44:45","guid":{"rendered":"https:\/\/www.epbcn.com\/blog\/?p=7008"},"modified":"2023-03-21T10:38:32","modified_gmt":"2023-03-21T09:38:32","slug":"xxi-jornadas-psicoanaliticas-aperturas-en-psicoanalisis-x","status":"publish","type":"post","link":"https:\/\/www.epbcn.com\/blog\/2022\/04\/06\/xxi-jornadas-psicoanaliticas-aperturas-en-psicoanalisis-x\/","title":{"rendered":"XXI Jornadas Psicoanal\u00edticas \u2018Aperturas en psicoan\u00e1lisis (X)\u2019"},"content":{"rendered":"\n<p><strong>13, 14 y 15 de mayo de 2022<\/strong><\/p>\n\n\n\n<p>PROGRAMA<\/p>\n\n\n\n<p><strong>Viernes 13 de mayo<\/strong><\/p>\n\n\n\n<p><span style=\"text-decoration: underline;\">18:00-18:10<\/span><\/p>\n\n\n\n<p><strong>Presentaci\u00f3n<\/strong> &#8211; Josep Maria Blasco<\/p>\n\n\n\n<p><span style=\"text-decoration: underline;\">18:10-19:10<\/span><\/p>\n\n\n\n<p><strong><em>\u00bfPueden los &#8216;loc@s&#8217; ejercer la paternidad?<\/em> <\/strong>&#8211; Mesa de trabajo. Coordina: Daniel Ca\u00f1ero<\/p>\n\n\n\n<p><span style=\"text-decoration: underline;\">19:15-20:15<\/span><\/p>\n\n\n\n<p><em><strong>Por amor de ellos<\/strong><\/em> &#8211; Ponente: Mireia Monforte<\/p>\n\n\n\n<p><\/p>\n\n\n\n<p><strong>S\u00e1bado 14 de mayo<\/strong><\/p>\n\n\n\n<p><span style=\"text-decoration: underline;\">10:00-11:00<\/span><\/p>\n\n\n\n<p><em><strong>Caminando con Butler<\/strong><\/em> &#8211; Ponente: Mar\u00eda del Mar Mart\u00edn<\/p>\n\n\n\n<p><span style=\"text-decoration: underline;\">11:05-12:05<\/span><\/p>\n\n\n\n<p><em><strong>Apuntes sobre ansiedad y pulsi\u00f3n de muerte<\/strong><\/em> &#8211; Ponente: Fabi\u00e1n Ortiz<\/p>\n\n\n\n<p><span style=\"text-decoration: underline;\">12:05-12:30<\/span><\/p>\n\n\n\n<p>Descanso<\/p>\n\n\n\n<p><span style=\"text-decoration: underline;\">12:30-13:30<\/span><\/p>\n\n\n\n<p><strong><em>Disidentes de la norma<\/em> <\/strong>&#8211; Ponente: Laura Blanco<\/p>\n\n\n\n<p><span style=\"text-decoration: underline;\">13:30-15:30<\/span><\/p>\n\n\n\n<p>Descanso<\/p>\n\n\n\n<p><span style=\"text-decoration: underline;\">15:30-16:30<\/span><\/p>\n\n\n\n<p><em><strong>Abordajes de la transexualidad en la infancia<\/strong><\/em> &#8211; Mesa de trabajo. Coordina: Olga Palomino<\/p>\n\n\n\n<p><span style=\"text-decoration: underline;\">16:35-17:35<\/span><\/p>\n\n\n\n<p><em><strong>Ardo de amor por m\u00ed<\/strong> <\/em>&#8211; Ponente: Silvina Fern\u00e1ndez<\/p>\n\n\n\n<p><\/p>\n\n\n\n<p><strong>Domingo 15 de mayo<\/strong><\/p>\n\n\n\n<p><span style=\"text-decoration: underline;\">10:00-11:00<\/span><\/p>\n\n\n\n<p><em><strong>Da\u00f1os colaterales <\/strong><\/em>&#8211; Ponente: Carlos Carbonell<\/p>\n\n\n\n<p><span style=\"text-decoration: underline;\">11:05-12:05<\/span><\/p>\n\n\n\n<p><em><strong>Malestar emocional en la escuela. \u00bfDel s\u00edntoma al trastorno?<\/strong><\/em> &#8211; Ponente: Josep Moya<\/p>\n\n\n\n<p><span style=\"text-decoration: underline;\">12:05-12:15<\/span><\/p>\n\n\n\n<p>Descanso<\/p>\n\n\n\n<p><span style=\"text-decoration: underline;\">12:15-13:15<\/span><\/p>\n\n\n\n<p><em><strong>Pareja o revienta. El amor a cualquier precio<\/strong><\/em> &#8211; Ponente: Josep Maria Blasco<\/p>\n\n\n\n<p><span style=\"text-decoration: underline;\">13:15-13:45<\/span><\/p>\n\n\n\n<p><strong>Cierre<\/strong> &#8211; Josep Maria Blasco<\/p>\n\n\n\n<p>***<\/p>\n\n\n\n<p>ACTIVIDAD ONLINE A TRAV\u00c9S DE LA PLATAFORMA ZOOM<\/p>\n\n\n\n<p>Precio: 300 \u20ac \u2013 ESTUDIANTES Y EX ESTUDIANTES DEL EPBCN: 50 \u20ac<\/p>\n\n\n\n<p>ABIERTA LA INSCRIPCI\u00d3N \u2013 PLAZAS LIMITADAS<\/p>\n\n\n\n<p>INFORMACI\u00d3N E INSCRIPCIONES: 93 454 89 78 \u2013&nbsp;<a href=\"mailto:secretaria@epbcn.com\" target=\"_blank\" rel=\"noreferrer noopener\">secretaria@epbcn.com<\/a><\/p>\n","protected":false},"excerpt":{"rendered":"<p>13, 14 y 15 de mayo de 2022 PROGRAMA Viernes 13 de mayo 18:00-18:10 Presentaci\u00f3n &#8211; Josep Maria Blasco 18:10-19:10 \u00bfPueden los &#8216;loc@s&#8217; ejercer la paternidad? &#8211; Mesa de trabajo. Coordina: Daniel Ca\u00f1ero 19:15-20:15 Por amor de ellos &#8211; Ponente: Mireia Monforte S\u00e1bado 14 de mayo 10:00-11:00 Caminando con Butler &#8211; Ponente: Mar\u00eda del Mar [&hellip;]<\/p>\n","protected":false},"author":1,"featured_media":0,"comment_status":"open","ping_status":"open","sticky":false,"template":"","format":"standard","meta":{"footnotes":""},"categories":[3,5,8],"tags":[117,119,133,178,138,142,194,149,154],"class_list":["post-7008","post","type-post","status-publish","format-standard","hentry","category-difusion","category-formacion","category-jornadas","tag-carlos-carbonell","tag-daniel-canero","tag-josep-maria-blasco","tag-josep-moya","tag-laura-blanco","tag-maria-del-mar-martin","tag-mireia-monforte","tag-olga-palomino","tag-silvina-fernandez"],"_links":{"self":[{"href":"https:\/\/www.epbcn.com\/blog\/wp-json\/wp\/v2\/posts\/7008","targetHints":{"allow":["GET"]}}],"collection":[{"href":"https:\/\/www.epbcn.com\/blog\/wp-json\/wp\/v2\/posts"}],"about":[{"href":"https:\/\/www.epbcn.com\/blog\/wp-json\/wp\/v2\/types\/post"}],"author":[{"embeddable":true,"href":"https:\/\/www.epbcn.com\/blog\/wp-json\/wp\/v2\/users\/1"}],"replies":[{"embeddable":true,"href":"https:\/\/www.epbcn.com\/blog\/wp-json\/wp\/v2\/comments?post=7008"}],"version-history":[{"count":10,"href":"https:\/\/www.epbcn.com\/blog\/wp-json\/wp\/v2\/posts\/7008\/revisions"}],"predecessor-version":[{"id":7027,"href":"https:\/\/www.epbcn.com\/blog\/wp-json\/wp\/v2\/posts\/7008\/revisions\/7027"}],"wp:attachment":[{"href":"https:\/\/www.epbcn.com\/blog\/wp-json\/wp\/v2\/media?parent=7008"}],"wp:term":[{"taxonomy":"category","embeddable":true,"href":"https:\/\/www.epbcn.com\/blog\/wp-json\/wp\/v2\/categories?post=7008"},{"taxonomy":"post_tag","embeddable":true,"href":"https:\/\/www.epbcn.com\/blog\/wp-json\/wp\/v2\/tags?post=7008"}],"curies":[{"name":"wp","href":"https:\/\/api.w.org\/{rel}","templated":true}]}}