{"id":7590,"date":"2023-07-05T07:52:12","date_gmt":"2023-07-05T06:52:12","guid":{"rendered":"https:\/\/www.epbcn.com\/blog\/?p=7590"},"modified":"2023-07-05T07:52:12","modified_gmt":"2023-07-05T06:52:12","slug":"cuerpo-y-poder","status":"publish","type":"post","link":"https:\/\/www.epbcn.com\/blog\/2023\/07\/05\/cuerpo-y-poder\/","title":{"rendered":"Cuerpo y poder"},"content":{"rendered":"\n<blockquote class=\"wp-block-quote is-layout-flow wp-block-quote-is-layout-flow\">\n<p>&#8220;Resulta, en suma, que hay muchas&nbsp;<em>vivencias<\/em>&nbsp;del cuerpo, y tambi\u00e9n muchas&nbsp;<em>teor\u00edas<\/em>&nbsp;sobre el cuerpo. Muchas de esas teor\u00edas dicen cosas completamente distintas sobre ese mismo cuerpo; a veces, esas cosas distintas se complementan unas a otras, pero otras veces son perfectamente antag\u00f3nicas, e incluso contradictorias entre s\u00ed. Y, a su vez, cada una de esas teor\u00edas suele acompa\u00f1ar a una&nbsp;<em>pr\u00e1ctica<\/em>, que produce, en su&nbsp;<em>ejercicio<\/em>, un&nbsp;<em>modo de subjetivaci\u00f3n corporal<\/em>&nbsp;\u00fanico,<sup><a href=\"https:\/\/www.epbcn.com\/textos\/2023\/07\/cuerpo-y-poder\/#fn1\">[1]<\/a><\/sup>&nbsp;distinto de los dem\u00e1s modos.<\/p>\n\n\n\n<p>Cada teor\u00eda (que acompa\u00f1a a la correspondiente pr\u00e1ctica) quiere definir&nbsp;<em>lo que el cuerpo es<\/em>, sea parcialmente, o bien como una teor\u00eda completa sobre cuerpo (y, en algunos casos, sobre la existencia entera, etc\u00e9tera). Algunas de esas teor\u00edas quieren, entonces, instalarse como \u00abla\u00bb teor\u00eda, y pretenden ser la \u00fanica existente (o la mejor, la \u00fanica atendible, la \u00fanica digna de ese nombre, etc\u00e9tera). Aspiran a ocupar, de ese modo, el lugar de la instancia privilegiada de&nbsp;<em>verificaci\u00f3n<\/em>, como la denominaba Foucault: como los \u00fanicos emisores de la verdad sobre el cuerpo, los guardianes de esa verdad. Ellos tendr\u00edan la \u00fanica teor\u00eda atendible (por ejemplo, porque ser\u00eda la \u00fanica \u00abcient\u00edfica\u00bb), y las dem\u00e1s teor\u00edas no ser\u00edan atendibles (por ejemplo, porque ser\u00edan \u00abpseudocient\u00edficas\u00bb).&#8221;<\/p>\n<\/blockquote>\n\n\n\n<p>Hemos a\u00f1adido un nuevo art\u00edculo a nuestra colecci\u00f3n de\u00a0<a href=\"https:\/\/www.epbcn.com\/textos\/\">\u2018Textos para pensar\u2019<\/a>. Se trata de la ponencia que\u00a0<a href=\"https:\/\/www.epbcn.com\/equipo\/josep-maria-blasco\/\">Josep Maria Blasco<\/a> present\u00f3 el domingo 13 de mayo de 2023 en las\u00a0<a rel=\"noreferrer noopener\" href=\"https:\/\/www.epbcn.com\/difusion\/jornadas\/2023\/05\/xxii-aperturas-en-psicoanalisis-xi\/\" target=\"_blank\"><small>XXII<\/small>\u00a0Jornadas Psicoanal\u00edticas del EPBCN<\/a>, tituladas\u00a0<em><a rel=\"noreferrer noopener\" href=\"https:\/\/www.epbcn.com\/difusion\/jornadas\/2023\/05\/xxii-aperturas-en-psicoanalisis-xi\/\" target=\"_blank\">Aperturas en Psicoan\u00e1lisis (XI)<\/a><\/em>, y que lleva por t\u00edtulo\u00a0<a href=\"https:\/\/www.epbcn.com\/textos\/2023\/07\/cuerpo-y-poder\/\">Cuerpo y poder<\/a>.<\/p>\n\n\n\n<p>Pr\u00f3ximamente a\u00f1adiremos m\u00e1s textos a esta colecci\u00f3n.<\/p>\n","protected":false},"excerpt":{"rendered":"<p>&#8220;Resulta, en suma, que hay muchas&nbsp;vivencias&nbsp;del cuerpo, y tambi\u00e9n muchas&nbsp;teor\u00edas&nbsp;sobre el cuerpo. Muchas de esas teor\u00edas dicen cosas completamente distintas sobre ese mismo cuerpo; a veces, esas cosas distintas se complementan unas a otras, pero otras veces son perfectamente antag\u00f3nicas, e incluso contradictorias entre s\u00ed. Y, a su vez, cada una de esas teor\u00edas suele [&hellip;]<\/p>\n","protected":false},"author":1,"featured_media":0,"comment_status":"open","ping_status":"open","sticky":false,"template":"","format":"standard","meta":{"footnotes":""},"categories":[3,13,25],"tags":[133],"class_list":["post-7590","post","type-post","status-publish","format-standard","hentry","category-difusion","category-publicacion","category-textos-para-pensar","tag-josep-maria-blasco"],"_links":{"self":[{"href":"https:\/\/www.epbcn.com\/blog\/wp-json\/wp\/v2\/posts\/7590","targetHints":{"allow":["GET"]}}],"collection":[{"href":"https:\/\/www.epbcn.com\/blog\/wp-json\/wp\/v2\/posts"}],"about":[{"href":"https:\/\/www.epbcn.com\/blog\/wp-json\/wp\/v2\/types\/post"}],"author":[{"embeddable":true,"href":"https:\/\/www.epbcn.com\/blog\/wp-json\/wp\/v2\/users\/1"}],"replies":[{"embeddable":true,"href":"https:\/\/www.epbcn.com\/blog\/wp-json\/wp\/v2\/comments?post=7590"}],"version-history":[{"count":2,"href":"https:\/\/www.epbcn.com\/blog\/wp-json\/wp\/v2\/posts\/7590\/revisions"}],"predecessor-version":[{"id":7592,"href":"https:\/\/www.epbcn.com\/blog\/wp-json\/wp\/v2\/posts\/7590\/revisions\/7592"}],"wp:attachment":[{"href":"https:\/\/www.epbcn.com\/blog\/wp-json\/wp\/v2\/media?parent=7590"}],"wp:term":[{"taxonomy":"category","embeddable":true,"href":"https:\/\/www.epbcn.com\/blog\/wp-json\/wp\/v2\/categories?post=7590"},{"taxonomy":"post_tag","embeddable":true,"href":"https:\/\/www.epbcn.com\/blog\/wp-json\/wp\/v2\/tags?post=7590"}],"curies":[{"name":"wp","href":"https:\/\/api.w.org\/{rel}","templated":true}]}}