{"id":7594,"date":"2023-09-14T06:24:04","date_gmt":"2023-09-14T05:24:04","guid":{"rendered":"https:\/\/www.epbcn.com\/blog\/?p=7594"},"modified":"2025-01-14T06:29:09","modified_gmt":"2025-01-14T05:29:09","slug":"relaciones-de-pareja-la-diversidad-en-los-vinculos-amorosos","status":"publish","type":"post","link":"https:\/\/www.epbcn.com\/blog\/2023\/09\/14\/relaciones-de-pareja-la-diversidad-en-los-vinculos-amorosos\/","title":{"rendered":"Relaciones de pareja. La diversidad en los v\u00ednculos amorosos"},"content":{"rendered":"\n<blockquote class=\"wp-block-quote is-layout-flow wp-block-quote-is-layout-flow\">\n<p class=\"has-text-align-center\">Abordaremos aspectos ps\u00edquicos (conscientes e inconscientes), familiares y sociales que atraviesan, complejizan y determinan los v\u00ednculos amorosos en sus diversas formas de configuraci\u00f3n.<\/p>\n<\/blockquote>\n\n\n\n<p class=\"has-text-align-center\">Charla-coloquio presencial y online<\/p>\n\n\n\n<p class=\"has-text-align-center\">A cargo de&nbsp;<a href=\"https:\/\/www.epbcn.com\/equipo\/maria-del-mar-martin\/\" target=\"_blank\" rel=\"noreferrer noopener\">Mar\u00eda del Mar Mart\u00edn<\/a>&nbsp;(Psicoanalista)<\/p>\n\n\n\n<p class=\"has-text-align-center\"><strong>D\u00eda y hora:<\/strong><br>Viernes 29 de septiembre de 2023, a las 19:00 h.<\/p>\n\n\n\n<p class=\"has-text-align-center\"><strong>Lugar:<\/strong><br>Aulario del EPBCN (Balmes, 32, 2.\u00ba 1.\u00aa, Barcelona) y online a trav\u00e9s de la plataforma Zoom<\/p>\n\n\n\n<p class=\"has-text-align-center\">ASISTENCIA GRATUITA PREVIA INSCRIPCI\u00d3N \u2013 PLAZAS LIMITADAS<\/p>\n\n\n\n<p class=\"has-text-align-center\">Informaci\u00f3n e inscripciones:<br>93 454 89 78 \u2013 secretaria@epbcn.com<\/p>\n","protected":false},"excerpt":{"rendered":"<p>Abordaremos aspectos ps\u00edquicos (conscientes e inconscientes), familiares y sociales que atraviesan, complejizan y determinan los v\u00ednculos amorosos en sus diversas formas de configuraci\u00f3n. Charla-coloquio presencial y online A cargo de&nbsp;Mar\u00eda del Mar Mart\u00edn&nbsp;(Psicoanalista) D\u00eda y hora:Viernes 29 de septiembre de 2023, a las 19:00 h. Lugar:Aulario del EPBCN (Balmes, 32, 2.\u00ba 1.\u00aa, Barcelona) y online [&hellip;]<\/p>\n","protected":false},"author":1,"featured_media":0,"comment_status":"open","ping_status":"open","sticky":false,"template":"","format":"standard","meta":{"footnotes":""},"categories":[34,3],"tags":[142],"class_list":["post-7594","post","type-post","status-publish","format-standard","hentry","category-charlas-coloquio","category-difusion","tag-maria-del-mar-martin"],"_links":{"self":[{"href":"https:\/\/www.epbcn.com\/blog\/wp-json\/wp\/v2\/posts\/7594","targetHints":{"allow":["GET"]}}],"collection":[{"href":"https:\/\/www.epbcn.com\/blog\/wp-json\/wp\/v2\/posts"}],"about":[{"href":"https:\/\/www.epbcn.com\/blog\/wp-json\/wp\/v2\/types\/post"}],"author":[{"embeddable":true,"href":"https:\/\/www.epbcn.com\/blog\/wp-json\/wp\/v2\/users\/1"}],"replies":[{"embeddable":true,"href":"https:\/\/www.epbcn.com\/blog\/wp-json\/wp\/v2\/comments?post=7594"}],"version-history":[{"count":11,"href":"https:\/\/www.epbcn.com\/blog\/wp-json\/wp\/v2\/posts\/7594\/revisions"}],"predecessor-version":[{"id":7776,"href":"https:\/\/www.epbcn.com\/blog\/wp-json\/wp\/v2\/posts\/7594\/revisions\/7776"}],"wp:attachment":[{"href":"https:\/\/www.epbcn.com\/blog\/wp-json\/wp\/v2\/media?parent=7594"}],"wp:term":[{"taxonomy":"category","embeddable":true,"href":"https:\/\/www.epbcn.com\/blog\/wp-json\/wp\/v2\/categories?post=7594"},{"taxonomy":"post_tag","embeddable":true,"href":"https:\/\/www.epbcn.com\/blog\/wp-json\/wp\/v2\/tags?post=7594"}],"curies":[{"name":"wp","href":"https:\/\/api.w.org\/{rel}","templated":true}]}}