{"id":7616,"date":"2023-09-28T15:40:08","date_gmt":"2023-09-28T14:40:08","guid":{"rendered":"https:\/\/www.epbcn.com\/blog\/?p=7616"},"modified":"2024-06-04T06:07:05","modified_gmt":"2024-06-04T05:07:05","slug":"jornada-de-puertas-abiertas-xxvii-convocatoria-del-curso-de-introduccion-al-psicoanalisis","status":"publish","type":"post","link":"https:\/\/www.epbcn.com\/blog\/2023\/09\/28\/jornada-de-puertas-abiertas-xxvii-convocatoria-del-curso-de-introduccion-al-psicoanalisis\/","title":{"rendered":"Jornada de puertas abiertas. XXVII convocatoria del Curso de Introducci\u00f3n al Psicoan\u00e1lisis"},"content":{"rendered":"\n<p class=\"has-text-align-center has-large-font-size\">JORNADA DE PUERTAS ABIERTAS<\/p>\n\n\n\n<p class=\"has-text-align-center\" style=\"font-size:25px\">Ciclo \u00abFundamentos del psicoan\u00e1lisis\u00bb<\/p>\n\n\n\n<p class=\"has-text-align-center\" style=\"font-size:36px\"><a href=\"https:\/\/www.epbcn.com\/formacion\/fundamentos\/introductorio\/\" data-type=\"link\" data-id=\"https:\/\/www.epbcn.com\/formacion\/fundamentos\/introductorio\/\">Curso de Introducci\u00f3n al psicoan\u00e1lisis<\/a> <\/p>\n\n\n\n<p class=\"has-text-align-center\" style=\"font-size:25px\">XXVII Convocatoria \u2013 Temporada 2023-2024<\/p>\n\n\n\n<p class=\"has-text-align-center\"><strong>Descripci\u00f3n<\/strong>: Presentaremos los contenidos&nbsp;del nuevo programa del Curso de Introducci\u00f3n al&nbsp;Psicoan\u00e1lisis, explicaremos el funcionamiento de las clases&nbsp;y conocer\u00e1s al equipo docente. Adem\u00e1s, introduciremos algunos aspectos te\u00f3ricos b\u00e1sicos del psicoan\u00e1lisis y reflexionaremos&nbsp;sobre el papel de esta disciplina en la cultura y su actual vigencia.<\/p>\n\n\n\n<p class=\"has-text-align-center\"><strong>A cargo de<\/strong>&nbsp;<a href=\"https:\/\/www.epbcn.com\/equipo\/carlos-carbonell\/\">Carlos Carbonell<\/a> (Psicoanalista), <a href=\"https:\/\/www.epbcn.com\/equipo\/silvina-fernandez\/\" data-type=\"URL\" data-id=\"https:\/\/www.epbcn.com\/equipo\/silvina-fernandez\/\">Silvina Fern\u00e1ndez<\/a> y <a href=\"https:\/\/www.epbcn.com\/equipo\/maria-del-mar-martin\/\">Mar\u00eda del Mar Mart\u00edn<\/a> (Psicoanalistas y psic\u00f3logas). Docentes en el Ciclo \u00abFundamentos del Psicoan\u00e1lisis\u00bb y en el Ciclo Avanzado del EPBCN<\/p>\n\n\n\n<p class=\"has-text-align-center\"><strong>D\u00eda y hora<\/strong>:<br>Martes 17 de octubre de 2023, a las 19:00 h.<\/p>\n\n\n\n<p class=\"has-text-align-center\"><strong>Lugar<\/strong>:<br>Aulario del EPBCN (Balmes, 32, 2.\u00ba 1.\u00aa, Barcelona) y online a trav\u00e9s de la plataforma Zoom<\/p>\n\n\n\n<p class=\"has-text-align-center\">ASISTENCIA GRATUITA \u2013 PLAZAS LIMITADAS<\/p>\n\n\n\n<p class=\"has-text-align-center\">Informaci\u00f3n e inscripciones:<br>93 454 89 78 \u2013 secretaria@epbcn.com<\/p>\n","protected":false},"excerpt":{"rendered":"<p>JORNADA DE PUERTAS ABIERTAS Ciclo \u00abFundamentos del psicoan\u00e1lisis\u00bb Curso de Introducci\u00f3n al psicoan\u00e1lisis XXVII Convocatoria \u2013 Temporada 2023-2024 Descripci\u00f3n: Presentaremos los contenidos&nbsp;del nuevo programa del Curso de Introducci\u00f3n al&nbsp;Psicoan\u00e1lisis, explicaremos el funcionamiento de las clases&nbsp;y conocer\u00e1s al equipo docente. Adem\u00e1s, introduciremos algunos aspectos te\u00f3ricos b\u00e1sicos del psicoan\u00e1lisis y reflexionaremos&nbsp;sobre el papel de esta disciplina en [&hellip;]<\/p>\n","protected":false},"author":1,"featured_media":0,"comment_status":"open","ping_status":"open","sticky":false,"template":"","format":"standard","meta":{"footnotes":""},"categories":[39,173,43,5],"tags":[117,142,154],"class_list":["post-7616","post","type-post","status-publish","format-standard","hentry","category-convocatorias","category-curso-de-introduccion-al-psicoanalisis-i","category-cursos","category-formacion","tag-carlos-carbonell","tag-maria-del-mar-martin","tag-silvina-fernandez"],"_links":{"self":[{"href":"https:\/\/www.epbcn.com\/blog\/wp-json\/wp\/v2\/posts\/7616","targetHints":{"allow":["GET"]}}],"collection":[{"href":"https:\/\/www.epbcn.com\/blog\/wp-json\/wp\/v2\/posts"}],"about":[{"href":"https:\/\/www.epbcn.com\/blog\/wp-json\/wp\/v2\/types\/post"}],"author":[{"embeddable":true,"href":"https:\/\/www.epbcn.com\/blog\/wp-json\/wp\/v2\/users\/1"}],"replies":[{"embeddable":true,"href":"https:\/\/www.epbcn.com\/blog\/wp-json\/wp\/v2\/comments?post=7616"}],"version-history":[{"count":34,"href":"https:\/\/www.epbcn.com\/blog\/wp-json\/wp\/v2\/posts\/7616\/revisions"}],"predecessor-version":[{"id":7782,"href":"https:\/\/www.epbcn.com\/blog\/wp-json\/wp\/v2\/posts\/7616\/revisions\/7782"}],"wp:attachment":[{"href":"https:\/\/www.epbcn.com\/blog\/wp-json\/wp\/v2\/media?parent=7616"}],"wp:term":[{"taxonomy":"category","embeddable":true,"href":"https:\/\/www.epbcn.com\/blog\/wp-json\/wp\/v2\/categories?post=7616"},{"taxonomy":"post_tag","embeddable":true,"href":"https:\/\/www.epbcn.com\/blog\/wp-json\/wp\/v2\/tags?post=7616"}],"curies":[{"name":"wp","href":"https:\/\/api.w.org\/{rel}","templated":true}]}}