{"id":7944,"date":"2023-07-08T16:11:16","date_gmt":"2023-07-08T15:11:16","guid":{"rendered":"https:\/\/www.epbcn.com\/blog\/?p=7944"},"modified":"2025-10-29T09:14:09","modified_gmt":"2025-10-29T08:14:09","slug":"curso-de-desarrollos-teoricos-avanzados-2","status":"publish","type":"post","link":"https:\/\/www.epbcn.com\/blog\/2023\/07\/08\/curso-de-desarrollos-teoricos-avanzados-2\/","title":{"rendered":"Curso de Desarrollos Te\u00f3ricos Avanzados"},"content":{"rendered":"\n<p class=\"has-text-align-center has-large-font-size\">Ciclo \u00abFundamentos del psicoan\u00e1lisis\u00bb<\/p>\n\n\n\n<p class=\"has-text-align-center has-large-font-size\" id=\"block-4a4c9630-62a0-48a0-ac73-87a21250ff9c\">Curso de Desarrollos Te\u00f3ricos Avanzados<\/p>\n\n\n\n<p class=\"has-text-align-center\" id=\"block-18ac28be-d779-48e2-8c0e-069a1f80faea\">XXVI CONVOCATORIA &#8211; TEMPORADA 2023-2024<\/p>\n\n\n\n<p class=\"has-text-align-center\" id=\"block-44f220b2-897f-4701-810a-e72d222d656c\">El curso, de periodicidad&nbsp;<strong>semanal<\/strong>&nbsp;y&nbsp;<strong>48 horas<\/strong>&nbsp;de duraci\u00f3n, se extiende de&nbsp;<strong>septiembre<\/strong>&nbsp;a&nbsp;<strong>junio<\/strong>&nbsp;en turno de&nbsp;<strong>tarde<\/strong>. Los estudiantes de este curso, mediante las&nbsp;<strong>lecturas<\/strong>&nbsp;de los textos programados, las&nbsp;<strong>clases<\/strong>&nbsp;y el&nbsp;<strong>intercambio<\/strong>&nbsp;con los profesores, <strong>ampliar\u00e1n<\/strong> y <strong>profundizar\u00e1n<\/strong> en conceptos&nbsp;fundamentales,&nbsp;<strong>te\u00f3ricos<\/strong>&nbsp;y&nbsp;<strong>pr\u00e1cticos<\/strong>, de la disciplina psicoanal\u00edtica.<\/p>\n\n\n\n<p class=\"has-text-align-center\" id=\"block-30d1cc03-5514-46c8-9d02-c424985854fc\"><strong>Contenidos:<\/strong><\/p>\n\n\n\n<p class=\"has-text-align-center\" id=\"block-4448198a-637a-44db-8a3c-1fb0f74a4403\"><strong>Primer bloque: Teor\u00eda de las pulsiones y compulsi\u00f3n de repetici\u00f3n<\/strong><\/p>\n\n\n\n<p>Este primer bloque se organiza alrededor de <strong>tres textos centrales<\/strong> en la obra freudiana: <strong><em>Pulsiones y destinos de pulsi\u00f3n<\/em><\/strong>, <strong><em>Introducci\u00f3n del narcisismo<\/em><\/strong> y <strong><em>M\u00e1s all\u00e1 del principio de placer<\/em><\/strong>. Apoy\u00e1ndonos tambi\u00e9n en <strong>otras lecturas<\/strong>, abordaremos en profundidad la <strong>teor\u00eda de las pulsiones<\/strong>: los diferentes <strong>tipos de pulsi\u00f3n<\/strong>, siguiendo sus diversas categorizaciones (pulsiones <strong>sexuales<\/strong>, <strong>yoicas<\/strong> y\/o de autoconservaci\u00f3n, pulsiones de <strong>vida<\/strong> y pulsiones de <strong>muerte<\/strong>), y algunos de los posibles <strong>destinos de pulsi\u00f3n<\/strong> (<strong>trastorno en lo contrario<\/strong>, <strong>vuelta hacia la persona propia<\/strong>, <strong>represi\u00f3n<\/strong> y <strong>sublimaci\u00f3n<\/strong>).<\/p>\n\n\n\n<p class=\"has-text-align-center\" id=\"block-4448198a-637a-44db-8a3c-1fb0f74a4403\">Abordaremos, tambi\u00e9n en detalle, el concepto de <strong>narcisismo<\/strong> y el papel que \u00e9ste juega tanto en los <strong>fen\u00f3menos normales<\/strong> (el <strong>sue\u00f1o<\/strong>, la <strong>elecci\u00f3n amorosa de objeto<\/strong> o la formaci\u00f3n del <strong>ideal del yo<\/strong>) como en los <strong>patol\u00f3gicos<\/strong> (la <strong>enfermedad org\u00e1nica<\/strong>, la <strong>hipocondr\u00eda<\/strong> o las <strong>psicosis<\/strong>).Y, finalmente, a la vez que delineamos el concepto de <strong>compulsi\u00f3n de repetici\u00f3n<\/strong>, estudiaremos el <strong>juego infantil<\/strong>, las <strong>neurosis traum\u00e1ticas<\/strong> y la importancia de la repetici\u00f3n en un <strong>proceso psicoanal\u00edtico<\/strong>.<\/p>\n\n\n\n<p class=\"has-text-align-center\"><strong>Segundo bloque: Segunda t\u00f3pica y desarrollos cl\u00ednicos<\/strong><\/p>\n\n\n\n<p>En este segundo bloque, introduciremos la denominada <strong>segunda t\u00f3pica freudiana<\/strong>, teor\u00eda que estructura el <strong>psiquismo<\/strong> en un <strong>yo<\/strong>, un <strong>ello<\/strong> y un <strong>supery\u00f3<\/strong>. Estudiaremos las <strong>funciones<\/strong>, <strong>interrelaciones<\/strong> y <strong>caracter\u00edsticas<\/strong> de cada una de estas instancias ps\u00edquicas, adem\u00e1s de su <strong>participaci\u00f3n<\/strong> tanto en el proceso de formaci\u00f3n de las <strong>neurosis<\/strong> como en el <strong>desarrollo del psiquismo<\/strong> considerado normal. En este contexto, conceptos como la <strong>identificaci\u00f3n<\/strong>, la <strong>ambivalencia<\/strong>, la <strong>mezcla<\/strong> y la <strong>desmezcla pulsional<\/strong>, nos ayudar\u00e1n a comprender <strong>fen\u00f3menos vitales<\/strong> tan centrales en el desarrollo humano como los procesos de <strong>vinculaci\u00f3n<\/strong> o la conformaci\u00f3n del <strong>car\u00e1cter<\/strong>.<\/p>\n\n\n\n<p class=\"has-text-align-center\">Por otro lado, adentr\u00e1ndonos un poco m\u00e1s en el <strong>campo cl\u00ednico<\/strong>, trabajaremos algunas <strong>formas de intervenci\u00f3n<\/strong> psicoanal\u00edtica (<strong>interpretaci\u00f3n<\/strong> y <strong>construcci\u00f3n<\/strong>), el papel de las <strong>fantas\u00edas<\/strong> en los s\u00edntomas, la distinci\u00f3n entre el <strong>duelo<\/strong> y la <strong>melancol\u00eda<\/strong> y las diversas manifestaciones del <strong>masoquismo<\/strong>: el er\u00f3geno, el denominado femenino y el moral.<\/p>\n\n\n\n<p class=\"has-text-align-center\" id=\"block-0dc90f42-cc82-4dde-93c2-355039fac59a\"><strong>Tercer bloque: De la teor\u00eda freudiana a las teor\u00edas de g\u00e9nero<\/strong><\/p>\n\n\n\n<p>\u00a0 En este tercer y \u00faltimo bloque, partiremos de las <strong>concepciones freudianas<\/strong> respecto de la <strong>homosexualidad<\/strong> y la <strong>feminidad<\/strong> y de su teorizaci\u00f3n sobre las repercusiones de la <strong>diferencia anat\u00f3mica de los sexos<\/strong> en la vida ps\u00edquica. Este recorrido nos adentrar\u00e1 en el <strong>desarrollo libidinal<\/strong> del ni\u00f1o y de la ni\u00f1a, en conceptos como <strong>activo y pasivo<\/strong>, y en la <strong>complejidad<\/strong> para formular una definici\u00f3n de <strong>masculino y femenino<\/strong>.<\/p>\n\n\n\n<p class=\"has-text-align-center\" id=\"block-0dc90f42-cc82-4dde-93c2-355039fac59a\">Continuaremos con textos psicoanal\u00edticos <strong>contempor\u00e1neos<\/strong> de la mano de <strong>Nora Levinton<\/strong> y de <strong>Jorge N. Reitter<\/strong>, autores que realizan <strong>revisiones<\/strong>, <strong>ampliaciones<\/strong> y <strong>lecturas cr\u00edticas<\/strong> respecto de las concepciones cl\u00e1sicas de la feminidad y de la homosexualidad.Y finalizaremos, en el marco de las <strong>teor\u00edas de g\u00e9nero<\/strong>, con el estudio del concepto de <strong>performativo<\/strong> de la fil\u00f3sofa <strong>Judith Butler<\/strong> y de su formulaci\u00f3n sobre la <strong>melancol\u00eda de g\u00e9nero<\/strong>.<\/p>\n\n\n\n<p class=\"has-text-align-center\" id=\"block-d481aca5-a6fa-4f2e-96a6-ca12cf5366bb\"><strong>Objetivos:<\/strong><\/p>\n\n\n\n<p class=\"has-text-align-center\" id=\"block-559e591c-eea8-4d86-8354-f52440a71e95\"><strong>Ampliar<\/strong>&nbsp;y&nbsp;<strong>profundizar<\/strong>&nbsp;en determinados aspectos&nbsp;<strong>te\u00f3ricos<\/strong>&nbsp;y&nbsp;<strong>pr\u00e1cticos<\/strong>&nbsp;del psicoan\u00e1lisis.<\/p>\n\n\n\n<p class=\"has-text-align-center\" id=\"block-f9e3f53c-8104-4c97-907e-af72f5569ba0\"><strong>Profesores:<\/strong><\/p>\n\n\n\n<p class=\"has-text-align-center\" id=\"block-889e9686-3030-4cff-b329-96a59c116694\"><a href=\"https:\/\/www.epbcn.com\/equipo\/carlos-carbonell\/\">Carlos Carbonell<\/a>,&nbsp;<a href=\"https:\/\/www.epbcn.com\/equipo\/silvina-fernandez\/\">Silvina Fern\u00e1ndez<\/a> y <a href=\"https:\/\/www.epbcn.com\/equipo\/maria-del-mar-martin\/\">Mar\u00eda del Mar Mart\u00edn<\/a><\/p>\n\n\n\n<p class=\"has-text-align-center\" id=\"block-77b80399-d852-4011-914b-85e1a8655262\"><strong>Profesores ayudantes:<\/strong>&nbsp;<\/p>\n\n\n\n<p class=\"has-text-align-center\" id=\"block-221ccd26-e094-42d5-bc13-a3553f650b36\"><a href=\"https:\/\/www.epbcn.com\/equipo\/david-palau\/\">David Palau<\/a><\/p>\n\n\n\n<p class=\"has-text-align-center\" id=\"block-8c3a8895-4ee4-4dc5-8c51-f5ce12202916\"><strong>Inicio<\/strong>: 21 de septiembre de 2023<\/p>\n\n\n\n<p class=\"has-text-align-center\" id=\"block-2e1f25dd-6b60-4859-aa8c-d5c9931b9cc7\"><strong>Finalizaci\u00f3n<\/strong>: 13 de junio de 2024<\/p>\n\n\n\n<p class=\"has-text-align-center\" id=\"block-6dc26832-80b7-419d-9bfa-cf94069002ff\"><strong>Horario<\/strong>:<\/p>\n\n\n\n<p class=\"has-text-align-center\" id=\"block-e9776899-f4e8-455f-b042-98f656dd0328\">Los jueves de 19:00 a 20:15 h. [<a href=\"https:\/\/www.epbcn.com\/calendario\/introductorio\/26\/2023-2024\/A\/\">Calendario<\/a>].<\/p>\n\n\n\n<p class=\"has-text-align-center\" id=\"block-e8fe4530-45c6-450d-801d-f1c29b4af5e6\"><strong>Modalidad<\/strong>:<\/p>\n\n\n\n<p class=\"has-text-align-center\" id=\"block-b150745b-a85c-4f28-b5b0-425f075dc3bd\">Aulario del EPBCN (Balmes, 32, 2.\u00ba 1.\u00aa, Barcelona) y online a trav\u00e9s de la plataforma Zoom<\/p>\n\n\n\n<p class=\"has-text-align-center\" id=\"block-8d4ca085-6fdf-40c9-9a67-2a65501fea09\"><strong>Precio:<\/strong><\/p>\n\n\n\n<p class=\"has-text-align-center\" id=\"block-b6628b7a-0533-45ba-9b49-6a2520dd1744\">Pago completo del curso: 425 \u20ac (estudiantes: 300\u20ac)<\/p>\n\n\n\n<p class=\"has-text-align-center\" id=\"block-6dee5973-7804-4026-b1ec-a11213da66a8\">Consulta en Secretar\u00eda por la opci\u00f3n de pagos mensuales<\/p>\n\n\n\n<p class=\"has-text-align-center\" id=\"block-b319ae1b-db1a-49ab-b0d2-871f5685b7c8\"><strong>Informaci\u00f3n e inscripciones:<\/strong><\/p>\n\n\n\n<p class=\"has-text-align-center\" id=\"block-8dbabd8c-f887-4499-b096-7fd037316dd3\">En la Secretar\u00eda del&nbsp;<strong>Espacio Psicoanal\u00edtico de Barcelona<\/strong>, c\/ Balmes, 32, 2.\u00ba 1.\u00aa.&nbsp; Tel\u00e9fono: 93 454 89 78 &#8211; Whatsapp: 659 666 329 &#8211; Correo:&nbsp;<a href=\"mailto:secretaria@epbcn.com\" target=\"_blank\" rel=\"noreferrer noopener\">secretaria@epbcn.com<\/a><\/p>\n","protected":false},"excerpt":{"rendered":"<p>Ciclo \u00abFundamentos del psicoan\u00e1lisis\u00bb Curso de Desarrollos Te\u00f3ricos Avanzados XXVI CONVOCATORIA &#8211; TEMPORADA 2023-2024 El curso, de periodicidad&nbsp;semanal&nbsp;y&nbsp;48 horas&nbsp;de duraci\u00f3n, se extiende de&nbsp;septiembre&nbsp;a&nbsp;junio&nbsp;en turno de&nbsp;tarde. Los estudiantes de este curso, mediante las&nbsp;lecturas&nbsp;de los textos programados, las&nbsp;clases&nbsp;y el&nbsp;intercambio&nbsp;con los profesores, ampliar\u00e1n y profundizar\u00e1n en conceptos&nbsp;fundamentales,&nbsp;te\u00f3ricos&nbsp;y&nbsp;pr\u00e1cticos, de la disciplina psicoanal\u00edtica. Contenidos: Primer bloque: Teor\u00eda de las pulsiones [&hellip;]<\/p>\n","protected":false},"author":1,"featured_media":0,"comment_status":"open","ping_status":"open","sticky":false,"template":"","format":"standard","meta":{"footnotes":""},"categories":[38,39,43,210,5],"tags":[117,120,142,154],"class_list":["post-7944","post","type-post","status-publish","format-standard","hentry","category-convenios","category-convocatorias","category-cursos","category-desarrollos-teoricos-avanzados","category-formacion","tag-carlos-carbonell","tag-david-palau","tag-maria-del-mar-martin","tag-silvina-fernandez"],"_links":{"self":[{"href":"https:\/\/www.epbcn.com\/blog\/wp-json\/wp\/v2\/posts\/7944","targetHints":{"allow":["GET"]}}],"collection":[{"href":"https:\/\/www.epbcn.com\/blog\/wp-json\/wp\/v2\/posts"}],"about":[{"href":"https:\/\/www.epbcn.com\/blog\/wp-json\/wp\/v2\/types\/post"}],"author":[{"embeddable":true,"href":"https:\/\/www.epbcn.com\/blog\/wp-json\/wp\/v2\/users\/1"}],"replies":[{"embeddable":true,"href":"https:\/\/www.epbcn.com\/blog\/wp-json\/wp\/v2\/comments?post=7944"}],"version-history":[{"count":6,"href":"https:\/\/www.epbcn.com\/blog\/wp-json\/wp\/v2\/posts\/7944\/revisions"}],"predecessor-version":[{"id":7952,"href":"https:\/\/www.epbcn.com\/blog\/wp-json\/wp\/v2\/posts\/7944\/revisions\/7952"}],"wp:attachment":[{"href":"https:\/\/www.epbcn.com\/blog\/wp-json\/wp\/v2\/media?parent=7944"}],"wp:term":[{"taxonomy":"category","embeddable":true,"href":"https:\/\/www.epbcn.com\/blog\/wp-json\/wp\/v2\/categories?post=7944"},{"taxonomy":"post_tag","embeddable":true,"href":"https:\/\/www.epbcn.com\/blog\/wp-json\/wp\/v2\/tags?post=7944"}],"curies":[{"name":"wp","href":"https:\/\/api.w.org\/{rel}","templated":true}]}}