{"id":7970,"date":"2025-10-09T16:26:08","date_gmt":"2025-10-09T15:26:08","guid":{"rendered":"https:\/\/www.epbcn.com\/blog\/?p=7970"},"modified":"2026-04-16T12:08:28","modified_gmt":"2026-04-16T11:08:28","slug":"curso-intensivo-hacia-un-psicoanalisis-pospatriarcal-posheteronormativo-y-poscolonial-el-giro-interseccional","status":"publish","type":"post","link":"https:\/\/www.epbcn.com\/blog\/2025\/10\/09\/curso-intensivo-hacia-un-psicoanalisis-pospatriarcal-posheteronormativo-y-poscolonial-el-giro-interseccional\/","title":{"rendered":"Curso Intensivo: Hacia un Psicoan\u00e1lisis Pospatriarcal, Posheteronormativo y Poscolonial. El Giro Interseccional"},"content":{"rendered":"\n<p class=\"has-text-align-center\">El curso propone un acercamiento te\u00f3rico-cl\u00ednico entre el psicoan\u00e1lisis y la perspectiva de g\u00e9nero, explorando c\u00f3mo las formas hist\u00f3ricas y culturales de construcci\u00f3n de la subjetividad inciden en la pr\u00e1ctica cl\u00ednica contempor\u00e1nea.<\/p>\n\n\n\n<p class=\"has-text-align-center\"><strong>Dirigido a:<\/strong>&nbsp;<\/p>\n\n\n\n<p class=\"has-text-align-center\">Profesionales del campo de la salud mental, estudiantes de psicoan\u00e1lisis, o interesadxs en psicoan\u00e1lisis y\/o en teor\u00edas de g\u00e9nero.<\/p>\n\n\n\n<p class=\"has-text-align-center\"><strong>Contenidos<\/strong>:<\/p>\n\n\n\n<ol class=\"wp-block-list\">\n<li>Psicoan\u00e1lisis y g\u00e9nero, un di\u00e1logo posible. Construcci\u00f3n hist\u00f3rica de la subjetividad y cl\u00ednica psicoanal\u00edtica. Hacia un abordaje interseccional.<\/li>\n\n\n\n<li>Relaci\u00f3n entre construcci\u00f3n\/producci\u00f3n de la subjetividad y constituci\u00f3n del psiquismo. Construcci\u00f3n de las femineidades.<\/li>\n\n\n\n<li>Masculinidades.<\/li>\n\n\n\n<li>Existenciarios trans.<\/li>\n\n\n\n<li>Maternidades y paternidades hoy. Revisi\u00f3n desde el psicoan\u00e1lisis con perspectiva de g\u00e9nero.<\/li>\n<\/ol>\n\n\n\n<p class=\"has-text-align-center\"><strong>Metodolog\u00eda<\/strong>:<\/p>\n\n\n\n<ul class=\"wp-block-list\">\n<li>Primera parte (1 hora): se impartir\u00e1 la base te\u00f3rica correspondiente con exposici\u00f3n de ejemplos cl\u00ednicos.<\/li>\n\n\n\n<li>Segunda parte (30 minutos): trabajo grupal con participaci\u00f3n de los alumnos a trav\u00e9s de preguntas, comentarios o dudas acerca de las tem\u00e1ticas tratadas en la primera parte.<br>El objetivo es el de fomentar el debate para afianzar los conceptos.<\/li>\n\n\n\n<li>Se proporcionar\u00e1n recomendaciones bibliogr\u00e1ficas para cada una de las tem\u00e1ticas.<\/li>\n<\/ul>\n\n\n\n<p class=\"has-text-align-center\"><strong>Objetivo<\/strong>:<\/p>\n\n\n\n<ol class=\"wp-block-list\">\n<li>Incorporar y fortalecer la perspectiva de g\u00e9nero y diversidad en el trabajo cl\u00ednico.<\/li>\n<\/ol>\n\n\n\n<p class=\"has-text-align-center\"><strong>Profesora<\/strong>:<\/p>\n\n\n\n<p class=\"has-text-align-center\"><a href=\"https:\/\/www.epbcn.com\/formacion\/cursos\/psicoanalisis-pospatriarcal\/debora-tajer\/\">D\u00e9bora Tajer<\/a>, licenciada y doctora en psicolog\u00eda, psicoanalista.&nbsp;<\/p>\n\n\n\n<p class=\"has-text-align-center\"><strong>Inicio<\/strong>:<\/p>\n\n\n\n<p class=\"has-text-align-center\">23 de abril de 2026<\/p>\n\n\n\n<p class=\"has-text-align-center\"><strong>Finalizaci\u00f3n<\/strong>:<\/p>\n\n\n\n<p class=\"has-text-align-center\">21 de mayo de 2026<\/p>\n\n\n\n<p class=\"has-text-align-center\"><strong>Horario<\/strong>:<\/p>\n\n\n\n<p class=\"has-text-align-center\">Los jueves de 19:30 a 21:00h&nbsp; <a href=\"https:\/\/www.epbcn.com\/calendario\/pospatriarcal\/01\/2025-2026\/\" data-type=\"link\" data-id=\"https:\/\/www.epbcn.com\/calendario\/pospatriarcal\/01\/2025-2026\/\">[Calendario]<\/a>&nbsp; &nbsp; &nbsp; &nbsp;<\/p>\n\n\n\n<p class=\"has-text-align-center\"><strong>Modalidad<\/strong>:<\/p>\n\n\n\n<p class=\"has-text-align-center\">Online (Zoom) <\/p>\n\n\n\n<p class=\"has-text-align-center\"><strong>Precios<\/strong>:<\/p>\n\n\n\n<p class=\"has-text-align-center\">Precio del curso: 150 \u20ac (estudiantes: 125\u20ac)<\/p>\n\n\n\n<p class=\"has-text-align-center\"><strong>Informaci\u00f3n e inscripciones:<\/strong><\/p>\n\n\n\n<p class=\"has-text-align-center\">En la Secretar\u00eda del&nbsp;<strong>Espacio Psicoanal\u00edtico de Barcelona<\/strong>, c\/ Balmes, 32, 2.\u00ba 1.\u00aa.&nbsp; <\/p>\n\n\n\n<p class=\"has-text-align-center\">Tel\u00e9fono: 93 454 89 78 \u2013 Whatsapp: 659 666 329 \u2013 Correo:&nbsp;<a href=\"mailto:secretaria@epbcn.com\" target=\"_blank\" rel=\"noreferrer noopener\">secretaria@epbcn.com<\/a><\/p>\n","protected":false},"excerpt":{"rendered":"<p>El curso propone un acercamiento te\u00f3rico-cl\u00ednico entre el psicoan\u00e1lisis y la perspectiva de g\u00e9nero, explorando c\u00f3mo las formas hist\u00f3ricas y culturales de construcci\u00f3n de la subjetividad inciden en la pr\u00e1ctica cl\u00ednica contempor\u00e1nea. Dirigido a:&nbsp; Profesionales del campo de la salud mental, estudiantes de psicoan\u00e1lisis, o interesadxs en psicoan\u00e1lisis y\/o en teor\u00edas de g\u00e9nero. Contenidos: Metodolog\u00eda: [&hellip;]<\/p>\n","protected":false},"author":1,"featured_media":0,"comment_status":"open","ping_status":"open","sticky":false,"template":"","format":"standard","meta":{"footnotes":""},"categories":[43,5,211],"tags":[205],"class_list":["post-7970","post","type-post","status-publish","format-standard","hentry","category-cursos","category-formacion","category-psicoanalisis-pospatriarcal","tag-debora-tajer"],"_links":{"self":[{"href":"https:\/\/www.epbcn.com\/blog\/wp-json\/wp\/v2\/posts\/7970","targetHints":{"allow":["GET"]}}],"collection":[{"href":"https:\/\/www.epbcn.com\/blog\/wp-json\/wp\/v2\/posts"}],"about":[{"href":"https:\/\/www.epbcn.com\/blog\/wp-json\/wp\/v2\/types\/post"}],"author":[{"embeddable":true,"href":"https:\/\/www.epbcn.com\/blog\/wp-json\/wp\/v2\/users\/1"}],"replies":[{"embeddable":true,"href":"https:\/\/www.epbcn.com\/blog\/wp-json\/wp\/v2\/comments?post=7970"}],"version-history":[{"count":10,"href":"https:\/\/www.epbcn.com\/blog\/wp-json\/wp\/v2\/posts\/7970\/revisions"}],"predecessor-version":[{"id":8018,"href":"https:\/\/www.epbcn.com\/blog\/wp-json\/wp\/v2\/posts\/7970\/revisions\/8018"}],"wp:attachment":[{"href":"https:\/\/www.epbcn.com\/blog\/wp-json\/wp\/v2\/media?parent=7970"}],"wp:term":[{"taxonomy":"category","embeddable":true,"href":"https:\/\/www.epbcn.com\/blog\/wp-json\/wp\/v2\/categories?post=7970"},{"taxonomy":"post_tag","embeddable":true,"href":"https:\/\/www.epbcn.com\/blog\/wp-json\/wp\/v2\/tags?post=7970"}],"curies":[{"name":"wp","href":"https:\/\/api.w.org\/{rel}","templated":true}]}}