{"id":7980,"date":"2025-10-07T10:04:36","date_gmt":"2025-10-07T09:04:36","guid":{"rendered":"https:\/\/www.epbcn.com\/blog\/?p=7980"},"modified":"2025-10-10T09:50:29","modified_gmt":"2025-10-10T08:50:29","slug":"curso-intensivo-clinica-actual-con-ninos-y-adolescentes","status":"publish","type":"post","link":"https:\/\/www.epbcn.com\/blog\/2025\/10\/07\/curso-intensivo-clinica-actual-con-ninos-y-adolescentes\/","title":{"rendered":"Curso intensivo: Cl\u00ednica actual con ni\u00f1os y adolescentes"},"content":{"rendered":"\n<p class=\"has-text-align-center\">El curso ofrece una visi\u00f3n integral y actualizada del psicoan\u00e1lisis infantil y adolescente, abordando tanto las bases te\u00f3ricas como la pr\u00e1ctica cl\u00ednica, con especial atenci\u00f3n a los procesos de subjetivaci\u00f3n, socializaci\u00f3n y los desaf\u00edos contempor\u00e1neos en la salud mental de ni\u00f1os y adolescentes.<\/p>\n\n\n\n<p class=\"has-text-align-center\"><strong>Dirigido a:<\/strong>&nbsp;<\/p>\n\n\n\n<p class=\"has-text-align-center\">Profesionales y estudiantes de Psicolog\u00eda o de disciplinas afines interesados en el trabajo cl\u00ednico con ni\u00f1os y adolescentes desde una perspectiva psicoanal\u00edtica.<\/p>\n\n\n\n<p class=\"has-text-align-center\"><strong>Contenidos:<\/strong><\/p>\n\n\n\n<ol class=\"wp-block-list\">\n<li>Enfoque psicoanal\u00edtico del desarrollo ps\u00edquico del ni\u00f1o.<\/li>\n\n\n\n<li>El desarrollo ps\u00edquico del ni\u00f1o desde la escuela inglesa: Klein y las relaciones objetales, Winnicott y la importancia del juego, Bowlby y la teor\u00eda del apego.<\/li>\n\n\n\n<li>El desarrollo ps\u00edquico del ni\u00f1o desde las aportaciones de la escuela francesa: Lacan y las funciones parentales y Dolto y la simbolizaci\u00f3n.<\/li>\n\n\n\n<li>Atenci\u00f3n cl\u00ednica del ni\u00f1o: encuadre, sesiones, forma de abordaje y trastornos actuales.<\/li>\n\n\n\n<li>Atenci\u00f3n cl\u00ednica del adolescente: encuadre, sesiones, forma de abordaje y trastornos actuales.<\/li>\n\n\n\n<li>Ejemplos pr\u00e1cticos de la cl\u00ednica.<\/li>\n<\/ol>\n\n\n\n<p class=\"has-text-align-center\"><strong>Metodolog\u00eda:<\/strong><\/p>\n\n\n\n<ul class=\"wp-block-list\">\n<li>Primera parte (1 hora): se impartir\u00e1 la base te\u00f3rica correspondiente con exposici\u00f3n de ejemplos cl\u00ednicos.<\/li>\n\n\n\n<li>Segunda parte (30 minutos): trabajo grupal con participaci\u00f3n de los alumnos a trav\u00e9s de preguntas, comentarios o dudas acerca de las tem\u00e1ticas tratadas en la primera parte.<br>El objetivo es el de fomentar el debate para afianzar los conceptos.<\/li>\n\n\n\n<li>Se proporcionar\u00e1n recomendaciones bibliogr\u00e1ficas para cada una de las tem\u00e1ticas.<\/li>\n<\/ul>\n\n\n\n<p class=\"has-text-align-center\"><strong>Objetivos:<\/strong><\/p>\n\n\n\n<ol class=\"wp-block-list\">\n<li>Conocer las bases te\u00f3ricas y los conceptos fundamentales relativos al desarrollo ps\u00edquico en los primeros a\u00f1os de vida.<\/li>\n\n\n\n<li>Conocer c\u00f3mo se estructuran las sesiones cl\u00ednicas con ni\u00f1os y adolescentes.<\/li>\n\n\n\n<li>Orientar en el abordaje de los trastornos y problem\u00e1ticas m\u00e1s comunes que nos encontramos como profesionales en la actualidad.<\/li>\n<\/ol>\n\n\n\n<p class=\"has-text-align-center\"><strong>Profesora:<\/strong>&nbsp;<\/p>\n\n\n\n<p class=\"has-text-align-center\"><a href=\"https:\/\/www.epbcn.com\/equipo\/olga-palomino\/\">Olga Palomino<\/a>, psic\u00f3loga y psicoanalista del EPBCN.<\/p>\n\n\n\n<p class=\"has-text-align-center\"><strong>Inicio<\/strong>:<\/p>\n\n\n\n<p class=\"has-text-align-center\">5 de febrero de 2026<\/p>\n\n\n\n<p class=\"has-text-align-center\"><strong>Finalizaci\u00f3n<\/strong>:<\/p>\n\n\n\n<p class=\"has-text-align-center\">5 de marzo de 2026<\/p>\n\n\n\n<p class=\"has-text-align-center\"><strong>Horario<\/strong>:<\/p>\n\n\n\n<p class=\"has-text-align-center\">Los jueves de 19.00 a 20.30 h&nbsp;<a href=\"https:\/\/www.epbcn.com\/calendario\/historia\/01\/2025-2026\/\"><\/a><a href=\"https:\/\/www.epbcn.com\/calendario\/infancia\/01\/2025-2026\/\" data-type=\"link\" data-id=\"https:\/\/www.epbcn.com\/calendario\/infancia\/01\/2025-2026\/\">[Calendario]<\/a><\/p>\n\n\n\n<p class=\"has-text-align-center\"><strong>Modalidad<\/strong>:<\/p>\n\n\n\n<p class=\"has-text-align-center\">Presencial y online (Zoom) (c\/ Balmes, 32, 2.\u00ba 1.\u00aa \u2013 Barcelona)<\/p>\n\n\n\n<p class=\"has-text-align-center\"><strong>Precio:<\/strong><\/p>\n\n\n\n<p class=\"has-text-align-center\">Precio del curso: 150 \u20ac (estudiantes: 125\u20ac)<\/p>\n\n\n\n<p class=\"has-text-align-center\"><strong>Informaci\u00f3n e inscripciones:<\/strong><\/p>\n\n\n\n<p class=\"has-text-align-center\">En la Secretar\u00eda del&nbsp;<strong>Espacio Psicoanal\u00edtico de Barcelona<\/strong>, c\/ Balmes, 32, 2.\u00ba 1.\u00aa.&nbsp; <\/p>\n\n\n\n<p class=\"has-text-align-center\">Tel\u00e9fono: 93 454 89 78 \u2013 Whatsapp: 659 666 329 \u2013 Correo:&nbsp;<a href=\"mailto:secretaria@epbcn.com\" target=\"_blank\" rel=\"noreferrer noopener\">secretaria@epbcn.com<\/a><\/p>\n\n\n\n<p class=\"has-text-align-center\"><\/p>\n","protected":false},"excerpt":{"rendered":"<p>El curso ofrece una visi\u00f3n integral y actualizada del psicoan\u00e1lisis infantil y adolescente, abordando tanto las bases te\u00f3ricas como la pr\u00e1ctica cl\u00ednica, con especial atenci\u00f3n a los procesos de subjetivaci\u00f3n, socializaci\u00f3n y los desaf\u00edos contempor\u00e1neos en la salud mental de ni\u00f1os y adolescentes. Dirigido a:&nbsp; Profesionales y estudiantes de Psicolog\u00eda o de disciplinas afines interesados [&hellip;]<\/p>\n","protected":false},"author":1,"featured_media":0,"comment_status":"open","ping_status":"open","sticky":false,"template":"","format":"standard","meta":{"footnotes":""},"categories":[43,5,212],"tags":[149],"class_list":["post-7980","post","type-post","status-publish","format-standard","hentry","category-cursos","category-formacion","category-infancia-y-adolescencia","tag-olga-palomino"],"_links":{"self":[{"href":"https:\/\/www.epbcn.com\/blog\/wp-json\/wp\/v2\/posts\/7980","targetHints":{"allow":["GET"]}}],"collection":[{"href":"https:\/\/www.epbcn.com\/blog\/wp-json\/wp\/v2\/posts"}],"about":[{"href":"https:\/\/www.epbcn.com\/blog\/wp-json\/wp\/v2\/types\/post"}],"author":[{"embeddable":true,"href":"https:\/\/www.epbcn.com\/blog\/wp-json\/wp\/v2\/users\/1"}],"replies":[{"embeddable":true,"href":"https:\/\/www.epbcn.com\/blog\/wp-json\/wp\/v2\/comments?post=7980"}],"version-history":[{"count":5,"href":"https:\/\/www.epbcn.com\/blog\/wp-json\/wp\/v2\/posts\/7980\/revisions"}],"predecessor-version":[{"id":7994,"href":"https:\/\/www.epbcn.com\/blog\/wp-json\/wp\/v2\/posts\/7980\/revisions\/7994"}],"wp:attachment":[{"href":"https:\/\/www.epbcn.com\/blog\/wp-json\/wp\/v2\/media?parent=7980"}],"wp:term":[{"taxonomy":"category","embeddable":true,"href":"https:\/\/www.epbcn.com\/blog\/wp-json\/wp\/v2\/categories?post=7980"},{"taxonomy":"post_tag","embeddable":true,"href":"https:\/\/www.epbcn.com\/blog\/wp-json\/wp\/v2\/tags?post=7980"}],"curies":[{"name":"wp","href":"https:\/\/api.w.org\/{rel}","templated":true}]}}