{"id":8010,"date":"2025-12-09T08:38:51","date_gmt":"2025-12-09T07:38:51","guid":{"rendered":"https:\/\/www.epbcn.com\/blog\/?p=8010"},"modified":"2025-12-09T08:40:09","modified_gmt":"2025-12-09T07:40:09","slug":"los-malestares-actuales-en-ninos-y-adolescentes","status":"publish","type":"post","link":"https:\/\/www.epbcn.com\/blog\/2025\/12\/09\/los-malestares-actuales-en-ninos-y-adolescentes\/","title":{"rendered":"Los malestares actuales en ni\u00f1os y adolescentes"},"content":{"rendered":"\n<p class=\"has-text-align-center\">En los \u00faltimos a\u00f1os ha aumentado de forma considerable la demanda de atenci\u00f3n psicol\u00f3gica para ni\u00f1os y adolescentes, con una presencia creciente de cuadros de ansiedad, depresi\u00f3n, trastornos de conducta, dificultades de concentraci\u00f3n y aprendizaje y conductas autolesivas, entre otras manifestaciones de malestar ps\u00edquico. La charla propone pensar c\u00f3mo se expresa en la actualidad el sufrimiento emocional en la infancia y la adolescencia, buscando ir m\u00e1s all\u00e1 de las etiquetas diagn\u00f3sticas, y deteni\u00e9ndose en la influencia que pueden tener los cambios sociales en la emergencia de todos estos malestares<\/p>\n\n\n\n<p><\/p>\n\n\n\n<p><\/p>\n\n\n\n<p><\/p>\n\n\n\n<p class=\"has-text-align-center\"><strong>Charla-coloquio presencial y online<\/strong><\/p>\n\n\n\n<p class=\"has-text-align-center\"><strong>A cargo de<\/strong>&nbsp;<a href=\"https:\/\/www.epbcn.com\/equipo\/olga-palomino\/\">Olga Palomino<\/a>&nbsp;(Psicoanalista y psic\u00f3loga)<\/p>\n\n\n\n<p class=\"has-text-align-center\"><strong>D\u00eda y hora:<\/strong><br>Jueves 22 de enero de 2026, a las 19:00 h.<\/p>\n\n\n\n<p class=\"has-text-align-center\"><strong>Lugar:<\/strong><br>Aulario del EPBCN (Balmes, 32, 2.\u00ba 1.\u00aa, Barcelona) y online a trav\u00e9s de la plataforma Zoom<\/p>\n\n\n\n<p class=\"has-text-align-center\">ASISTENCIA GRATUITA \u2013 PREVIA INSCRIPCI\u00d3N \u2013 PLAZAS LIMITADAS<\/p>\n\n\n\n<p class=\"has-text-align-center\"><strong>Informaci\u00f3n e inscripciones:<\/strong><br>93 454 89 78 \u2013 secretaria@epbcn.com<\/p>\n","protected":false},"excerpt":{"rendered":"<p>En los \u00faltimos a\u00f1os ha aumentado de forma considerable la demanda de atenci\u00f3n psicol\u00f3gica para ni\u00f1os y adolescentes, con una presencia creciente de cuadros de ansiedad, depresi\u00f3n, trastornos de conducta, dificultades de concentraci\u00f3n y aprendizaje y conductas autolesivas, entre otras manifestaciones de malestar ps\u00edquico. La charla propone pensar c\u00f3mo se expresa en la actualidad el [&hellip;]<\/p>\n","protected":false},"author":1,"featured_media":0,"comment_status":"open","ping_status":"open","sticky":false,"template":"","format":"standard","meta":{"footnotes":""},"categories":[34,3],"tags":[149],"class_list":["post-8010","post","type-post","status-publish","format-standard","hentry","category-charlas-coloquio","category-difusion","tag-olga-palomino"],"_links":{"self":[{"href":"https:\/\/www.epbcn.com\/blog\/wp-json\/wp\/v2\/posts\/8010","targetHints":{"allow":["GET"]}}],"collection":[{"href":"https:\/\/www.epbcn.com\/blog\/wp-json\/wp\/v2\/posts"}],"about":[{"href":"https:\/\/www.epbcn.com\/blog\/wp-json\/wp\/v2\/types\/post"}],"author":[{"embeddable":true,"href":"https:\/\/www.epbcn.com\/blog\/wp-json\/wp\/v2\/users\/1"}],"replies":[{"embeddable":true,"href":"https:\/\/www.epbcn.com\/blog\/wp-json\/wp\/v2\/comments?post=8010"}],"version-history":[{"count":1,"href":"https:\/\/www.epbcn.com\/blog\/wp-json\/wp\/v2\/posts\/8010\/revisions"}],"predecessor-version":[{"id":8011,"href":"https:\/\/www.epbcn.com\/blog\/wp-json\/wp\/v2\/posts\/8010\/revisions\/8011"}],"wp:attachment":[{"href":"https:\/\/www.epbcn.com\/blog\/wp-json\/wp\/v2\/media?parent=8010"}],"wp:term":[{"taxonomy":"category","embeddable":true,"href":"https:\/\/www.epbcn.com\/blog\/wp-json\/wp\/v2\/categories?post=8010"},{"taxonomy":"post_tag","embeddable":true,"href":"https:\/\/www.epbcn.com\/blog\/wp-json\/wp\/v2\/tags?post=8010"}],"curies":[{"name":"wp","href":"https:\/\/api.w.org\/{rel}","templated":true}]}}